{"id":9645,"date":"2024-08-01T14:31:10","date_gmt":"2024-08-01T14:31:10","guid":{"rendered":"https:\/\/anadoluvakfi.org\/?p=9645"},"modified":"2025-10-30T10:17:27","modified_gmt":"2025-10-30T10:17:27","slug":"anadolu-vakfindan-milli-egitim-bakanligina-ziyaret","status":"publish","type":"post","link":"https:\/\/anadoluvakfi.org\/?p=9645","title":{"rendered":"Anadolu Vakf\u0131&#8217;ndan Milli E\u011fitim Bakanl\u0131\u011f\u0131&#8217;na Ziyaret"},"content":{"rendered":"\t\t<div data-elementor-type=\"wp-post\" data-elementor-id=\"9645\" class=\"elementor elementor-9645\">\n\t\t\t\t\t\t<section class=\"elementor-section elementor-top-section elementor-element elementor-element-bc59421 elementor-section-boxed elementor-section-height-default elementor-section-height-default\" data-id=\"bc59421\" data-element_type=\"section\" data-e-type=\"section\">\n\t\t\t\t\t\t<div class=\"elementor-container elementor-column-gap-default\">\n\t\t\t\t\t<div class=\"elementor-column elementor-col-100 elementor-top-column elementor-element elementor-element-a3b390d\" data-id=\"a3b390d\" data-element_type=\"column\" data-e-type=\"column\">\n\t\t\t<div class=\"elementor-widget-wrap elementor-element-populated\">\n\t\t\t\t\t\t<div class=\"elementor-element elementor-element-49bfbf8 elementor-widget elementor-widget-heading\" data-id=\"49bfbf8\" data-element_type=\"widget\" data-e-type=\"widget\" data-widget_type=\"heading.default\">\n\t\t\t\t<div class=\"elementor-widget-container\">\n\t\t\t\t\t<h2 class=\"elementor-heading-title elementor-size-default\">Anadolu Vakf\u0131'ndan Milli E\u011fitim Bakanl\u0131\u011f\u0131'na Ziyaret<\/h2>\t\t\t\t<\/div>\n\t\t\t\t<\/div>\n\t\t\t\t\t<\/div>\n\t\t<\/div>\n\t\t\t\t\t<\/div>\n\t\t<\/section>\n\t\t\t\t<section class=\"elementor-section elementor-top-section elementor-element elementor-element-dc11629 elementor-section-boxed elementor-section-height-default elementor-section-height-default\" data-id=\"dc11629\" data-element_type=\"section\" data-e-type=\"section\">\n\t\t\t\t\t\t<div class=\"elementor-container elementor-column-gap-default\">\n\t\t\t\t\t<div class=\"elementor-column elementor-col-50 elementor-top-column elementor-element elementor-element-9e62a0f\" data-id=\"9e62a0f\" data-element_type=\"column\" data-e-type=\"column\">\n\t\t\t<div class=\"elementor-widget-wrap elementor-element-populated\">\n\t\t\t\t\t\t<div class=\"elementor-element elementor-element-2b898b5 gallery-spacing-custom elementor-widget elementor-widget-image-gallery\" data-id=\"2b898b5\" data-element_type=\"widget\" data-e-type=\"widget\" data-widget_type=\"image-gallery.default\">\n\t\t\t\t<div class=\"elementor-widget-container\">\n\t\t\t\t\t\t\t<div class=\"elementor-image-gallery\">\n\t\t\t<div id='gallery-86' class='gallery galleryid-9645 gallery-columns-1 gallery-size-medium_large'><figure class='gallery-item'>\n\t\t\t<div class='gallery-icon landscape'>\n\t\t\t\t<a data-elementor-open-lightbox=\"yes\" data-elementor-lightbox-slideshow=\"2b898b5\" data-elementor-lightbox-title=\"WhatsApp G\u00f6rsel 2024-08-01 saat 14.15.13_4011843c\" data-e-action-hash=\"#elementor-action%3Aaction%3Dlightbox%26settings%3DeyJpZCI6OTY0NywidXJsIjoiaHR0cHM6XC9cL2FuYWRvbHV2YWtmaS5vcmdcL3dwLWNvbnRlbnRcL3VwbG9hZHNcLzIwMjRcLzA4XC9XaGF0c0FwcC1Hb3JzZWwtMjAyNC0wOC0wMS1zYWF0LTE0LjE1LjEzXzQwMTE4NDNjLmpwZyIsInNsaWRlc2hvdyI6IjJiODk4YjUifQ%3D%3D\" href='https:\/\/anadoluvakfi.org\/wp-content\/uploads\/2024\/08\/WhatsApp-Gorsel-2024-08-01-saat-14.15.13_4011843c.jpg'><img fetchpriority=\"high\" decoding=\"async\" width=\"640\" height=\"480\" src=\"https:\/\/anadoluvakfi.org\/wp-content\/uploads\/2024\/08\/WhatsApp-Gorsel-2024-08-01-saat-14.15.13_4011843c-768x576.jpg\" class=\"attachment-medium_large size-medium_large\" alt=\"\" srcset=\"https:\/\/anadoluvakfi.org\/wp-content\/uploads\/2024\/08\/WhatsApp-Gorsel-2024-08-01-saat-14.15.13_4011843c-768x576.jpg 768w, https:\/\/anadoluvakfi.org\/wp-content\/uploads\/2024\/08\/WhatsApp-Gorsel-2024-08-01-saat-14.15.13_4011843c-300x225.jpg 300w, https:\/\/anadoluvakfi.org\/wp-content\/uploads\/2024\/08\/WhatsApp-Gorsel-2024-08-01-saat-14.15.13_4011843c.jpg 1365w, https:\/\/anadoluvakfi.org\/wp-content\/uploads\/2024\/08\/WhatsApp-Gorsel-2024-08-01-saat-14.15.13_4011843c-1536x1152.jpg 1536w, https:\/\/anadoluvakfi.org\/wp-content\/uploads\/2024\/08\/WhatsApp-Gorsel-2024-08-01-saat-14.15.13_4011843c-136x102.jpg 136w\" sizes=\"(max-width: 640px) 100vw, 640px\" \/><\/a>\n\t\t\t<\/div><\/figure>\n\t\t<\/div>\n\t\t<\/div>\n\t\t\t\t\t\t<\/div>\n\t\t\t\t<\/div>\n\t\t\t\t\t<\/div>\n\t\t<\/div>\n\t\t\t\t<div class=\"elementor-column elementor-col-50 elementor-top-column elementor-element elementor-element-a7636b3\" data-id=\"a7636b3\" data-element_type=\"column\" data-e-type=\"column\">\n\t\t\t<div class=\"elementor-widget-wrap elementor-element-populated\">\n\t\t\t\t\t\t<div class=\"elementor-element elementor-element-72f2497 elementor-widget elementor-widget-text-editor\" data-id=\"72f2497\" data-element_type=\"widget\" data-e-type=\"widget\" data-widget_type=\"text-editor.default\">\n\t\t\t\t<div class=\"elementor-widget-container\">\n\t\t\t\t\t\t\t\t\t<p>Anadolu E\u011fitim K\u00fclt\u00fcr ve Bilim Vakf\u0131 Heyeti Milli E\u011fitim Bakan Yard\u0131mc\u0131s\u0131 Do\u00e7. Dr. Kemal \u015eaml\u0131o\u011flu\u2019nu makam\u0131nda ziyaret etti.<\/p><p>Ziyarette, Vak\u0131f Y\u00f6netim Kurulu Ba\u015fkan\u0131 Abidin Memili ile birlikte Alaettin Durali, Raif Ak, Halil Kaya, \u00d6mer Kara ve Ayd\u0131n \u015e\u0131k haz\u0131r bulundu.<\/p><p>Y\u00f6netim Kurulu Ba\u015fkan\u0131 Abidin Memili, Vak\u0131f \u00e7al\u0131\u015fmalar\u0131 hakk\u0131nda Bakan Yard\u0131mc\u0131s\u0131n\u0131 bilgilendirdi. \u00d6zellikle Anadolu Sanat Edebiyat Toplulu\u011fu (ANSET) taraf\u0131ndan T\u00fcrkiye genelinde okullar aras\u0131 K\u00fclt\u00fcr Sanat ve Edebiyat temal\u0131 yar\u0131\u015fmalar\u0131n Anadolu Vakf\u0131 i\u015fbirli\u011fiyle bakanl\u0131k himayesinde yap\u0131lmas\u0131 konusunda bilgilendirme yap\u0131lm\u0131\u015f ve destek talep edilmi\u015ftir.<\/p><p>Ayr\u0131ca Vakf\u0131m\u0131z taraf\u0131ndan haz\u0131rlatt\u0131r\u0131lan Aliya \u0130zzetbegovi\u00e7 belgeselinin okullarda g\u00f6sterime sunulmas\u0131 hususunda destek sa\u011flanmas\u0131 ve Ayizi Dergisi ile birlikte Anadolu Ay Yay\u0131nlar\u0131nda ne\u015fredilen kitaplardan al\u0131narak okullardaki k\u00fct\u00fcphanelerde \u00f6\u011frencilerin hizmetine sunulmas\u0131 konular\u0131 g\u00fcndeme getirilmi\u015f. Bakan Yard\u0131m\u0131c\u0131s\u0131 Say\u0131n Do\u00e7. Dr. Kemal \u015eaml\u0131o\u011flu konuyla yak\u0131nan ilgileneceklerini ifade etmi\u015ftir. \u00a0<\/p>\t\t\t\t\t\t\t\t<\/div>\n\t\t\t\t<\/div>\n\t\t\t\t\t<\/div>\n\t\t<\/div>\n\t\t\t\t\t<\/div>\n\t\t<\/section>\n\t\t\t\t<\/div>\n\t\t","protected":false},"excerpt":{"rendered":"<p>Anadolu Vakf\u0131&#8217;ndan Milli E\u011fitim Bakanl\u0131\u011f\u0131&#8217;na Ziyaret Anadolu E\u011fitim K\u00fclt\u00fcr ve Bilim Vakf\u0131 Heyeti Milli E\u011fitim Bakan Yard\u0131mc\u0131s\u0131 Do\u00e7. Dr. Kemal \u015eaml\u0131o\u011flu\u2019nu makam\u0131nda ziyaret etti. Ziyarette, Vak\u0131f Y\u00f6netim Kurulu Ba\u015fkan\u0131 Abidin Memili ile birlikte Alaettin Durali, Raif Ak, Halil Kaya, \u00d6mer Kara ve Ayd\u0131n \u015e\u0131k haz\u0131r bulundu. Y\u00f6netim Kurulu Ba\u015fkan\u0131 Abidin Memili, Vak\u0131f \u00e7al\u0131\u015fmalar\u0131 hakk\u0131nda Bakan [&hellip;]<\/p>\n<div class=\"pvc_clear\"><\/div>\n<p id=\"pvc_stats_9645\" class=\"pvc_stats total_only  \" data-element-id=\"9645\" style=\"\"><i class=\"pvc-stats-icon medium\" aria-hidden=\"true\"><svg aria-hidden=\"true\" focusable=\"false\" data-prefix=\"far\" data-icon=\"chart-bar\" role=\"img\" xmlns=\"http:\/\/www.w3.org\/2000\/svg\" viewBox=\"0 0 512 512\" class=\"svg-inline--fa fa-chart-bar fa-w-16 fa-2x\"><path fill=\"currentColor\" d=\"M396.8 352h22.4c6.4 0 12.8-6.4 12.8-12.8V108.8c0-6.4-6.4-12.8-12.8-12.8h-22.4c-6.4 0-12.8 6.4-12.8 12.8v230.4c0 6.4 6.4 12.8 12.8 12.8zm-192 0h22.4c6.4 0 12.8-6.4 12.8-12.8V140.8c0-6.4-6.4-12.8-12.8-12.8h-22.4c-6.4 0-12.8 6.4-12.8 12.8v198.4c0 6.4 6.4 12.8 12.8 12.8zm96 0h22.4c6.4 0 12.8-6.4 12.8-12.8V204.8c0-6.4-6.4-12.8-12.8-12.8h-22.4c-6.4 0-12.8 6.4-12.8 12.8v134.4c0 6.4 6.4 12.8 12.8 12.8zM496 400H48V80c0-8.84-7.16-16-16-16H16C7.16 64 0 71.16 0 80v336c0 17.67 14.33 32 32 32h464c8.84 0 16-7.16 16-16v-16c0-8.84-7.16-16-16-16zm-387.2-48h22.4c6.4 0 12.8-6.4 12.8-12.8v-70.4c0-6.4-6.4-12.8-12.8-12.8h-22.4c-6.4 0-12.8 6.4-12.8 12.8v70.4c0 6.4 6.4 12.8 12.8 12.8z\" class=\"\"><\/path><\/svg><\/i> <img decoding=\"async\" width=\"16\" height=\"16\" alt=\"Loading\" src=\"https:\/\/anadoluvakfi.org\/wp-content\/plugins\/page-views-count\/ajax-loader-2x.gif\" border=0 \/><\/p>\n<div class=\"pvc_clear\"><\/div>\n","protected":false},"author":1,"featured_media":9647,"comment_status":"open","ping_status":"open","sticky":false,"template":"","format":"standard","meta":{"_acf_changed":false,"_monsterinsights_skip_tracking":false,"_monsterinsights_sitenote_active":false,"_monsterinsights_sitenote_note":"","_monsterinsights_sitenote_category":0,"footnotes":""},"categories":[37,39,52,47],"tags":[],"class_list":["post-9645","post","type-post","status-publish","format-standard","has-post-thumbnail","hentry","category-faaliyetlerimiz","category-guncel","category-kurumsal","category-sosyal-etkinlikler"],"acf":[],"aioseo_notices":[],"wpmagazine_modules_lite_featured_media_urls":{"thumbnail":["https:\/\/anadoluvakfi.org\/wp-content\/uploads\/2024\/08\/WhatsApp-Gorsel-2024-08-01-saat-14.15.13_4011843c-150x150.jpg",150,150,true],"cvmm-medium":["https:\/\/anadoluvakfi.org\/wp-content\/uploads\/2024\/08\/WhatsApp-Gorsel-2024-08-01-saat-14.15.13_4011843c-300x300.jpg",300,300,true],"cvmm-medium-plus":["https:\/\/anadoluvakfi.org\/wp-content\/uploads\/2024\/08\/WhatsApp-Gorsel-2024-08-01-saat-14.15.13_4011843c-305x207.jpg",305,207,true],"cvmm-portrait":["https:\/\/anadoluvakfi.org\/wp-content\/uploads\/2024\/08\/WhatsApp-Gorsel-2024-08-01-saat-14.15.13_4011843c-400x600.jpg",400,600,true],"cvmm-medium-square":["https:\/\/anadoluvakfi.org\/wp-content\/uploads\/2024\/08\/WhatsApp-Gorsel-2024-08-01-saat-14.15.13_4011843c-600x600.jpg",600,600,true],"cvmm-large":["https:\/\/anadoluvakfi.org\/wp-content\/uploads\/2024\/08\/WhatsApp-Gorsel-2024-08-01-saat-14.15.13_4011843c-1024x1024.jpg",1024,1024,true],"cvmm-small":["https:\/\/anadoluvakfi.org\/wp-content\/uploads\/2024\/08\/WhatsApp-Gorsel-2024-08-01-saat-14.15.13_4011843c-130x95.jpg",130,95,true],"full":["https:\/\/anadoluvakfi.org\/wp-content\/uploads\/2024\/08\/WhatsApp-Gorsel-2024-08-01-saat-14.15.13_4011843c.jpg",1365,1024,false]},"categories_names":{"37":{"name":"Faaliyetlerimiz","link":"https:\/\/anadoluvakfi.org\/?cat=37"},"39":{"name":"G\u00fcncel","link":"https:\/\/anadoluvakfi.org\/?cat=39"},"52":{"name":"Kurumsal","link":"https:\/\/anadoluvakfi.org\/?cat=52"},"47":{"name":"Sosyal Etkinlikler","link":"https:\/\/anadoluvakfi.org\/?cat=47"}},"tags_names":[],"comments_number":"0","_links":{"self":[{"href":"https:\/\/anadoluvakfi.org\/index.php?rest_route=\/wp\/v2\/posts\/9645","targetHints":{"allow":["GET"]}}],"collection":[{"href":"https:\/\/anadoluvakfi.org\/index.php?rest_route=\/wp\/v2\/posts"}],"about":[{"href":"https:\/\/anadoluvakfi.org\/index.php?rest_route=\/wp\/v2\/types\/post"}],"author":[{"embeddable":true,"href":"https:\/\/anadoluvakfi.org\/index.php?rest_route=\/wp\/v2\/users\/1"}],"replies":[{"embeddable":true,"href":"https:\/\/anadoluvakfi.org\/index.php?rest_route=%2Fwp%2Fv2%2Fcomments&post=9645"}],"version-history":[{"count":7,"href":"https:\/\/anadoluvakfi.org\/index.php?rest_route=\/wp\/v2\/posts\/9645\/revisions"}],"predecessor-version":[{"id":9660,"href":"https:\/\/anadoluvakfi.org\/index.php?rest_route=\/wp\/v2\/posts\/9645\/revisions\/9660"}],"wp:featuredmedia":[{"embeddable":true,"href":"https:\/\/anadoluvakfi.org\/index.php?rest_route=\/wp\/v2\/media\/9647"}],"wp:attachment":[{"href":"https:\/\/anadoluvakfi.org\/index.php?rest_route=%2Fwp%2Fv2%2Fmedia&parent=9645"}],"wp:term":[{"taxonomy":"category","embeddable":true,"href":"https:\/\/anadoluvakfi.org\/index.php?rest_route=%2Fwp%2Fv2%2Fcategories&post=9645"},{"taxonomy":"post_tag","embeddable":true,"href":"https:\/\/anadoluvakfi.org\/index.php?rest_route=%2Fwp%2Fv2%2Ftags&post=9645"}],"curies":[{"name":"wp","href":"https:\/\/api.w.org\/{rel}","templated":true}]}}