{"id":7338,"date":"2023-02-17T16:12:40","date_gmt":"2023-02-17T16:12:40","guid":{"rendered":"https:\/\/anadoluvakfi.org\/?p=7338"},"modified":"2025-10-30T10:27:14","modified_gmt":"2025-10-30T10:27:14","slug":"anadolu-vakfi-deprem-yardim-komisyonu-calismalarina-hiz-kesmeden-devam-ediyor","status":"publish","type":"post","link":"https:\/\/anadoluvakfi.org\/?p=7338","title":{"rendered":"Anadolu Vakf\u0131 Deprem Yard\u0131m Komisyonu \u00c7al\u0131\u015fmalar\u0131na H\u0131z Kesmeden Devam Ediyor"},"content":{"rendered":"\t\t<div data-elementor-type=\"wp-post\" data-elementor-id=\"7338\" class=\"elementor elementor-7338\">\n\t\t\t\t\t\t<section class=\"elementor-section elementor-top-section elementor-element elementor-element-aa88638 elementor-section-boxed elementor-section-height-default elementor-section-height-default\" data-id=\"aa88638\" data-element_type=\"section\" data-e-type=\"section\">\n\t\t\t\t\t\t<div class=\"elementor-container elementor-column-gap-default\">\n\t\t\t\t\t<div class=\"elementor-column elementor-col-100 elementor-top-column elementor-element elementor-element-1d54548\" data-id=\"1d54548\" data-element_type=\"column\" data-e-type=\"column\">\n\t\t\t<div class=\"elementor-widget-wrap elementor-element-populated\">\n\t\t\t\t\t\t<div class=\"elementor-element elementor-element-7d73e47 elementor-widget elementor-widget-heading\" data-id=\"7d73e47\" data-element_type=\"widget\" data-e-type=\"widget\" data-widget_type=\"heading.default\">\n\t\t\t\t<div class=\"elementor-widget-container\">\n\t\t\t\t\t<h2 class=\"elementor-heading-title elementor-size-default\">ANADOLU VAKFI DEPREM YARDIM KOM\u0130SYONU<br>\n\u00c7ALI\u015eMALARINA HIZ KESMEDEN DEVAM ED\u0130YOR<\/h2>\t\t\t\t<\/div>\n\t\t\t\t<\/div>\n\t\t\t\t\t<\/div>\n\t\t<\/div>\n\t\t\t\t\t<\/div>\n\t\t<\/section>\n\t\t\t\t<section class=\"elementor-section elementor-top-section elementor-element elementor-element-59be4cd elementor-section-boxed elementor-section-height-default elementor-section-height-default\" data-id=\"59be4cd\" data-element_type=\"section\" data-e-type=\"section\">\n\t\t\t\t\t\t<div class=\"elementor-container elementor-column-gap-default\">\n\t\t\t\t\t<div class=\"elementor-column elementor-col-100 elementor-top-column elementor-element elementor-element-d855bcf\" data-id=\"d855bcf\" data-element_type=\"column\" data-e-type=\"column\">\n\t\t\t<div class=\"elementor-widget-wrap elementor-element-populated\">\n\t\t\t\t\t\t<div class=\"elementor-element elementor-element-812bc92 elementor-widget elementor-widget-image\" data-id=\"812bc92\" data-element_type=\"widget\" data-e-type=\"widget\" data-widget_type=\"image.default\">\n\t\t\t\t<div class=\"elementor-widget-container\">\n\t\t\t\t\t\t\t\t\t\t\t\t\t\t\t<img fetchpriority=\"high\" decoding=\"async\" width=\"640\" height=\"360\" src=\"https:\/\/anadoluvakfi.org\/wp-content\/uploads\/2023\/02\/2023-02-17_deprem_komisyon-768x432.png\" class=\"attachment-medium_large size-medium_large wp-image-7340\" alt=\"\" srcset=\"https:\/\/anadoluvakfi.org\/wp-content\/uploads\/2023\/02\/2023-02-17_deprem_komisyon-768x432.png 768w, https:\/\/anadoluvakfi.org\/wp-content\/uploads\/2023\/02\/2023-02-17_deprem_komisyon-300x169.png 300w, https:\/\/anadoluvakfi.org\/wp-content\/uploads\/2023\/02\/2023-02-17_deprem_komisyon-1820x1024.png 1820w, https:\/\/anadoluvakfi.org\/wp-content\/uploads\/2023\/02\/2023-02-17_deprem_komisyon-1536x864.png 1536w, https:\/\/anadoluvakfi.org\/wp-content\/uploads\/2023\/02\/2023-02-17_deprem_komisyon.png 1920w\" sizes=\"(max-width: 640px) 100vw, 640px\" \/>\t\t\t\t\t\t\t\t\t\t\t\t\t\t\t<\/div>\n\t\t\t\t<\/div>\n\t\t\t\t<div class=\"elementor-element elementor-element-872cba5 elementor-widget elementor-widget-text-editor\" data-id=\"872cba5\" data-element_type=\"widget\" data-e-type=\"widget\" data-widget_type=\"text-editor.default\">\n\t\t\t\t<div class=\"elementor-widget-container\">\n\t\t\t\t\t\t\t\t\t<p>Kahramanmara\u015f merkezli meydana gelen deprem felaketi \u00fclkemizde derin yaralar a\u00e7m\u0131\u015ft\u0131r.<\/p><p>Devlet-Millet i\u015f birli\u011fi, dayan\u0131\u015fma ve elbirli\u011fi ile ya\u015fad\u0131\u011f\u0131m\u0131z bu felaketinde \u00fcstesinden gelinecektir. \u015eimdi \u201cTEK Y\u00dcREK T\u00dcRK\u0130YE\u201d olarak yaralar\u0131m\u0131z\u0131 sarma zaman\u0131d\u0131r. Bu Kapsamda Anadolu E\u011fitim K\u00fclt\u00fcr ve Bilim Vakf\u0131 da depremin ilk g\u00fcn\u00fcnden itibaren b\u00fcnyesinde olu\u015fturdu\u011fu <strong>Deprem Yard\u0131m \u0130cra Komisyonu<\/strong> koordinasyonunda gece g\u00fcnd\u00fcz demeden \u015eube ve Temsilcilikleriyle birlikte \u00e7al\u0131\u015fmalar\u0131na devam etmektedir.<\/p><p>Devlet-Millet i\u015f birli\u011finin en g\u00fczel \u00f6rne\u011fini sergileme zaman\u0131d\u0131r. Vakf\u0131m\u0131z\u0131n ba\u015flatt\u0131\u011f\u0131 nakdi yard\u0131m kampanyas\u0131na g\u00f6sterilen ilgi ve alaka takdire \u015fayand\u0131r.<\/p><p>G\u00fcn ac\u0131lar\u0131 payla\u015fma, imkanlar\u0131 seferber etme g\u00fcn\u00fcd\u00fcr. Yap\u0131lan yard\u0131mlar bir nebze de olsun yaralar\u0131n sar\u0131lmas\u0131na vesile olacakt\u0131r.<\/p><p>Anadolu E\u011fitim Bilim ve K\u00fclt\u00fcr Vakf\u0131\u2019n\u0131n y\u00fcr\u00fctt\u00fc\u011f\u00fc bu yard\u0131m ve destek faaliyetleri depremin yaralar\u0131 sar\u0131l\u0131ncaya kadar devam ettirilecektir. Destek ve Yard\u0131mlar\u0131n\u0131 esirgemeyen hamiyyetperver Milletimize \u015f\u00fckranlar\u0131m\u0131z\u0131 arz ederiz.<\/p>\t\t\t\t\t\t\t\t<\/div>\n\t\t\t\t<\/div>\n\t\t\t\t\t<\/div>\n\t\t<\/div>\n\t\t\t\t\t<\/div>\n\t\t<\/section>\n\t\t\t\t<\/div>\n\t\t","protected":false},"excerpt":{"rendered":"<p>ANADOLU VAKFI DEPREM YARDIM KOM\u0130SYONU \u00c7ALI\u015eMALARINA HIZ KESMEDEN DEVAM ED\u0130YOR Kahramanmara\u015f merkezli meydana gelen deprem felaketi \u00fclkemizde derin yaralar a\u00e7m\u0131\u015ft\u0131r. Devlet-Millet i\u015f birli\u011fi, dayan\u0131\u015fma ve elbirli\u011fi ile ya\u015fad\u0131\u011f\u0131m\u0131z bu felaketinde \u00fcstesinden gelinecektir. \u015eimdi \u201cTEK Y\u00dcREK T\u00dcRK\u0130YE\u201d olarak yaralar\u0131m\u0131z\u0131 sarma zaman\u0131d\u0131r. Bu Kapsamda Anadolu E\u011fitim K\u00fclt\u00fcr ve Bilim Vakf\u0131 da depremin ilk g\u00fcn\u00fcnden itibaren b\u00fcnyesinde olu\u015fturdu\u011fu [&hellip;]<\/p>\n<div class=\"pvc_clear\"><\/div>\n<p id=\"pvc_stats_7338\" class=\"pvc_stats total_only  \" data-element-id=\"7338\" style=\"\"><i class=\"pvc-stats-icon medium\" aria-hidden=\"true\"><svg aria-hidden=\"true\" focusable=\"false\" data-prefix=\"far\" data-icon=\"chart-bar\" role=\"img\" xmlns=\"http:\/\/www.w3.org\/2000\/svg\" viewBox=\"0 0 512 512\" class=\"svg-inline--fa fa-chart-bar fa-w-16 fa-2x\"><path fill=\"currentColor\" d=\"M396.8 352h22.4c6.4 0 12.8-6.4 12.8-12.8V108.8c0-6.4-6.4-12.8-12.8-12.8h-22.4c-6.4 0-12.8 6.4-12.8 12.8v230.4c0 6.4 6.4 12.8 12.8 12.8zm-192 0h22.4c6.4 0 12.8-6.4 12.8-12.8V140.8c0-6.4-6.4-12.8-12.8-12.8h-22.4c-6.4 0-12.8 6.4-12.8 12.8v198.4c0 6.4 6.4 12.8 12.8 12.8zm96 0h22.4c6.4 0 12.8-6.4 12.8-12.8V204.8c0-6.4-6.4-12.8-12.8-12.8h-22.4c-6.4 0-12.8 6.4-12.8 12.8v134.4c0 6.4 6.4 12.8 12.8 12.8zM496 400H48V80c0-8.84-7.16-16-16-16H16C7.16 64 0 71.16 0 80v336c0 17.67 14.33 32 32 32h464c8.84 0 16-7.16 16-16v-16c0-8.84-7.16-16-16-16zm-387.2-48h22.4c6.4 0 12.8-6.4 12.8-12.8v-70.4c0-6.4-6.4-12.8-12.8-12.8h-22.4c-6.4 0-12.8 6.4-12.8 12.8v70.4c0 6.4 6.4 12.8 12.8 12.8z\" class=\"\"><\/path><\/svg><\/i> <img decoding=\"async\" width=\"16\" height=\"16\" alt=\"Loading\" src=\"https:\/\/anadoluvakfi.org\/wp-content\/plugins\/page-views-count\/ajax-loader-2x.gif\" border=0 \/><\/p>\n<div class=\"pvc_clear\"><\/div>\n","protected":false},"author":1,"featured_media":7340,"comment_status":"open","ping_status":"open","sticky":false,"template":"","format":"standard","meta":{"_acf_changed":false,"_monsterinsights_skip_tracking":false,"_monsterinsights_sitenote_active":false,"_monsterinsights_sitenote_note":"","_monsterinsights_sitenote_category":0,"footnotes":""},"categories":[37],"tags":[],"class_list":["post-7338","post","type-post","status-publish","format-standard","has-post-thumbnail","hentry","category-faaliyetlerimiz"],"acf":[],"aioseo_notices":[],"wpmagazine_modules_lite_featured_media_urls":{"thumbnail":["https:\/\/anadoluvakfi.org\/wp-content\/uploads\/2023\/02\/2023-02-17_deprem_komisyon-150x150.png",150,150,true],"cvmm-medium":["https:\/\/anadoluvakfi.org\/wp-content\/uploads\/2023\/02\/2023-02-17_deprem_komisyon-300x300.png",300,300,true],"cvmm-medium-plus":["https:\/\/anadoluvakfi.org\/wp-content\/uploads\/2023\/02\/2023-02-17_deprem_komisyon-305x207.png",305,207,true],"cvmm-portrait":["https:\/\/anadoluvakfi.org\/wp-content\/uploads\/2023\/02\/2023-02-17_deprem_komisyon-400x600.png",400,600,true],"cvmm-medium-square":["https:\/\/anadoluvakfi.org\/wp-content\/uploads\/2023\/02\/2023-02-17_deprem_komisyon-600x600.png",600,600,true],"cvmm-large":["https:\/\/anadoluvakfi.org\/wp-content\/uploads\/2023\/02\/2023-02-17_deprem_komisyon-1024x1024.png",1024,1024,true],"cvmm-small":["https:\/\/anadoluvakfi.org\/wp-content\/uploads\/2023\/02\/2023-02-17_deprem_komisyon-130x95.png",130,95,true],"full":["https:\/\/anadoluvakfi.org\/wp-content\/uploads\/2023\/02\/2023-02-17_deprem_komisyon.png",1920,1080,false]},"categories_names":{"37":{"name":"Faaliyetlerimiz","link":"https:\/\/anadoluvakfi.org\/?cat=37"}},"tags_names":[],"comments_number":"0","_links":{"self":[{"href":"https:\/\/anadoluvakfi.org\/index.php?rest_route=\/wp\/v2\/posts\/7338","targetHints":{"allow":["GET"]}}],"collection":[{"href":"https:\/\/anadoluvakfi.org\/index.php?rest_route=\/wp\/v2\/posts"}],"about":[{"href":"https:\/\/anadoluvakfi.org\/index.php?rest_route=\/wp\/v2\/types\/post"}],"author":[{"embeddable":true,"href":"https:\/\/anadoluvakfi.org\/index.php?rest_route=\/wp\/v2\/users\/1"}],"replies":[{"embeddable":true,"href":"https:\/\/anadoluvakfi.org\/index.php?rest_route=%2Fwp%2Fv2%2Fcomments&post=7338"}],"version-history":[{"count":9,"href":"https:\/\/anadoluvakfi.org\/index.php?rest_route=\/wp\/v2\/posts\/7338\/revisions"}],"predecessor-version":[{"id":7486,"href":"https:\/\/anadoluvakfi.org\/index.php?rest_route=\/wp\/v2\/posts\/7338\/revisions\/7486"}],"wp:featuredmedia":[{"embeddable":true,"href":"https:\/\/anadoluvakfi.org\/index.php?rest_route=\/wp\/v2\/media\/7340"}],"wp:attachment":[{"href":"https:\/\/anadoluvakfi.org\/index.php?rest_route=%2Fwp%2Fv2%2Fmedia&parent=7338"}],"wp:term":[{"taxonomy":"category","embeddable":true,"href":"https:\/\/anadoluvakfi.org\/index.php?rest_route=%2Fwp%2Fv2%2Fcategories&post=7338"},{"taxonomy":"post_tag","embeddable":true,"href":"https:\/\/anadoluvakfi.org\/index.php?rest_route=%2Fwp%2Fv2%2Ftags&post=7338"}],"curies":[{"name":"wp","href":"https:\/\/api.w.org\/{rel}","templated":true}]}}