{"id":4725,"date":"2021-12-10T09:31:34","date_gmt":"2021-12-10T09:31:34","guid":{"rendered":"https:\/\/anadoluvakfi.org\/?p=4725"},"modified":"2021-12-31T06:04:47","modified_gmt":"2021-12-31T06:04:47","slug":"anadolu-egitim-kultur-ve-bilim-vakfi-yayin-yonergesi","status":"publish","type":"post","link":"https:\/\/anadoluvakfi.org\/?p=4725","title":{"rendered":"ANADOLU E\u011e\u0130T\u0130M K\u00dcLT\u00dcR VE B\u0130L\u0130M VAKFI YAYIN Y\u00d6NERGES\u0130"},"content":{"rendered":"\t\t<div data-elementor-type=\"wp-post\" data-elementor-id=\"4725\" class=\"elementor elementor-4725\">\n\t\t\t\t\t\t<section class=\"elementor-section elementor-top-section elementor-element elementor-element-1decee0 elementor-section-boxed elementor-section-height-default elementor-section-height-default\" data-id=\"1decee0\" data-element_type=\"section\" data-e-type=\"section\">\n\t\t\t\t\t\t<div class=\"elementor-container elementor-column-gap-default\">\n\t\t\t\t\t<div class=\"elementor-column elementor-col-100 elementor-top-column elementor-element elementor-element-c0e353c\" data-id=\"c0e353c\" data-element_type=\"column\" data-e-type=\"column\">\n\t\t\t<div class=\"elementor-widget-wrap elementor-element-populated\">\n\t\t\t\t\t\t<div class=\"elementor-element elementor-element-661b8f7 elementor-widget elementor-widget-heading\" data-id=\"661b8f7\" data-element_type=\"widget\" data-e-type=\"widget\" data-widget_type=\"heading.default\">\n\t\t\t\t<div class=\"elementor-widget-container\">\n\t\t\t\t\t<h2 class=\"elementor-heading-title elementor-size-default\">ANADOLU E\u011e\u0130T\u0130M K\u00dcLT\u00dcR VE B\u0130L\u0130M VAKFI<br>YAYIN Y\u00d6NERGES\u0130<\/h2>\t\t\t\t<\/div>\n\t\t\t\t<\/div>\n\t\t\t\t\t<\/div>\n\t\t<\/div>\n\t\t\t\t\t<\/div>\n\t\t<\/section>\n\t\t\t\t<section class=\"elementor-section elementor-top-section elementor-element elementor-element-583211f elementor-section-boxed elementor-section-height-default elementor-section-height-default\" data-id=\"583211f\" data-element_type=\"section\" data-e-type=\"section\">\n\t\t\t\t\t\t<div class=\"elementor-container elementor-column-gap-default\">\n\t\t\t\t\t<div class=\"elementor-column elementor-col-100 elementor-top-column elementor-element elementor-element-dfbee3c\" data-id=\"dfbee3c\" data-element_type=\"column\" data-e-type=\"column\">\n\t\t\t<div class=\"elementor-widget-wrap elementor-element-populated\">\n\t\t\t\t\t\t<div class=\"elementor-element elementor-element-89e6e21 elementor-widget elementor-widget-text-editor\" data-id=\"89e6e21\" data-element_type=\"widget\" data-e-type=\"widget\" data-widget_type=\"text-editor.default\">\n\t\t\t\t<div class=\"elementor-widget-container\">\n\t\t\t\t\t\t\t\t\t<p><strong>B\u0130R\u0130NC\u0130 B\u00d6L\u00dcM<\/strong><\/p><p><strong>Ama\u00e7, Kapsam, Dayanak ve Tan\u0131mlar<\/strong><\/p><p><strong>Ama\u00e7<\/strong><\/p><p><strong>MADDE 1 \u2013 <\/strong>(1) Bu Y\u00f6nergenin amac\u0131, Anadolu E\u011fitim K\u00fclt\u00fcr ve Bilim Vakf\u0131\u2019n\u0131n yay\u0131n ve k\u00fclt\u00fcr hayat\u0131m\u0131za katk\u0131 sa\u011flayacak kitap dergi gazete medya \u00e7al\u0131\u015fmalar\u0131 yapmak, yeni yazarlar\u0131n ke\u015ffedilmesini sa\u011flamak, milli ve manevi de\u011ferlerin ya\u015famas\u0131 ve ya\u015fat\u0131lmas\u0131nda sorumluluk almak ve kurulun ve yazarlar\u0131n \u00e7al\u0131\u015fma esaslar\u0131n\u0131, \u00e7al\u0131\u015fanlar\u0131n g\u00f6rev tan\u0131mlar\u0131n\u0131, sorumluluklar\u0131n\u0131 ve yetkilerini belirlemektir.<\/p><p><strong>Kapsam<\/strong><\/p><p><strong>MADDE 2 \u2013 <\/strong>(1) Bu Y\u00f6nerge, Anadolu E\u011fitim K\u00fclt\u00fcr ve Bilim Vakf\u0131\u2019n\u0131n bas\u0131m yay\u0131n \u00e7al\u0131\u015fma alanlar\u0131nda kitap, dergi, b\u00fclten, gazete, makale, bro\u015f\u00fcr, bas\u0131l\u0131, g\u00f6rsel yay\u0131nlar ile internet ve sosyal medya ortamlar\u0131nda payla\u015f\u0131lacak her t\u00fcrl\u00fc dok\u00fcman i\u00e7in ge\u00e7erli olacak kurallar\u0131 ve ilkeleri kapsar.<\/p><p><strong>Dayanak<\/strong><\/p><p><strong>MADDE 3 <\/strong>\u2013 (1) Bu Y\u00f6nerge, Ankara Birinci Asliye Hukuk Mahkemesinin 22.05.1990 tarih ve 1990\/170 E-351 K. Say\u0131l\u0131 ilam\u0131 ile tescil \u00a0edilerek kurulan Anadolu E\u011fitim K\u00fclt\u00fcr ve Bilim Vakf\u0131 Resmi Senedinin 4. maddesinin (d) ve (e) bendlerine dayan\u0131larak haz\u0131rlanm\u0131\u015ft\u0131r.<\/p><p><strong>Tan\u0131mlar<\/strong><\/p><p><strong>MADDE 4 <\/strong>\u2013 (1) Bu Y\u00f6nergede ge\u00e7en;<\/p><ol><li>AEKB Vakf\u0131: Anadolu E\u011fitim K\u00fclt\u00fcr ve Bilim Vakf\u0131\u2019n\u0131,<\/li><li>Ba\u015fkan: Anadolu E\u011fitim K\u00fclt\u00fcr ve Bilim Vakf\u0131 Y\u00f6netim Kurulu Ba\u015fkan\u0131n\u0131,<\/li><li>Kurul: Yay\u0131n kurulunu,<\/li><li>Y\u00f6netim Kurulu: Anadolu E\u011fitim K\u00fclt\u00fcr ve Bilim Vakf\u0131 Y\u00f6ne tim Kurulunu,<\/li><li>Ay Yay\u0131nc\u0131l\u0131k: Anadolu E\u011fitim K\u00fclt\u00fcr ve Bilim Vakf\u0131 Anadolu \u00c7\u0131nar Bilim E\u011fitim Dan\u0131\u015fmanl\u0131k Hizmetleri Bas\u0131m Yay\u0131n Limited \u015eirketine ba\u011fl\u0131 yay\u0131nc\u0131l\u0131\u011f\u0131,<\/li><li>Heyet: Tashih ve redaksiyon heyetini,<\/li><li>\u00d6n inceleme: Yazarlardan gelen dosya, makale ve kitaplar\u0131 genel ilkelere uygunlu\u011funun incelenmesini,<\/li><li>Eser: Kitap, b\u00fclten, bro\u015f\u00fcr, her t\u00fcrl\u00fc g\u00f6rsel ve yaz\u0131l\u0131 metinleri,<\/li><li>Gazete: \u0130nternet gazetesi Ana Haber Gazete\u2019yi,<\/li><li>Uzman: Yay\u0131n kurulunca inceleme, tashih ve redaksiyon alanlar\u0131nda g\u00f6rev alan ki\u015fiyi<\/li><\/ol><p>ifade eder.<\/p><p><strong>\u0130K\u0130NC\u0130 B\u00d6L\u00dcM<\/strong><\/p><p><strong>Yay\u0131nc\u0131l\u0131k Amac\u0131, De\u011ferler, Yay\u0131n \u0130lkeleri ve Faaliyet Alanlar\u0131<\/strong><\/p><p><strong>Yay\u0131nc\u0131l\u0131k Amac\u0131<\/strong><\/p><p><strong>MADDE 5 <\/strong>\u2013 (1) \u0130slam\u2019a ba\u011fl\u0131, milli de\u011ferlere sayg\u0131l\u0131, insani de\u011ferleri \u00f6nemseyen, g\u00fcn\u00fcm\u00fcz problemlerine \u00e7\u00f6z\u00fcm \u00fcreten yeni medeniyet in\u015fas\u0131 idealiyle; tarihi k\u00f6k ve de\u011ferlerimize ba\u011fl\u0131, \u0131rk, dil, co\u011frafya ayr\u0131m\u0131 yapmayan, grup taassubuna d\u00fc\u015fmeyen, t\u00fcm insan\u0131m\u0131z\u0131 kucaklayan, vahiy ve risalet temelinde hareket eden, \u0130slam\u2019\u0131n do\u011fru anla\u015f\u0131lmas\u0131, radikalle\u015fmenin \u00f6nlenmesi ve gen\u00e7 nesillere sa\u011fl\u0131kl\u0131 bir d\u00fc\u015f\u00fcncenin aktar\u0131lmas\u0131n\u0131 \u00f6nemseyen bir anlay\u0131\u015fla; inan\u00e7, d\u00fc\u015f\u00fcnce ve fikirlerimizi bas\u0131n-yay\u0131n yoluyla geni\u015f kitlelere ula\u015ft\u0131rmay\u0131, yay\u0131n prensiplerimizi ger\u00e7ekle\u015ftirmeyi ve her \u00e7e\u015fit yay\u0131nla anlaml\u0131 bir \u015fekilde topluma yans\u0131tmay\u0131 ama\u00e7l\u0131yoruz.<\/p><p><strong>De\u011ferlerimiz<\/strong><\/p><p><strong>MADDE 6 <\/strong>\u2013 (1) Yay\u0131n \u00e7al\u0131\u015fmalar\u0131nda a\u015fa\u011f\u0131daki temel de\u011ferler \u00a0esas al\u0131n\u0131r:<\/p><ol><li>D\u00fc\u015f\u00fcncemiz Vahiy ve Risalet temeline dayan\u0131r.<\/li><li>K\u00fclt\u00fcr\u00fcm\u00fcz\u00fc, medeniyetimizin ana kaynaklar\u0131yla besleyerek yeni nesillere sunmak hayati g\u00f6revimizdir.<\/li><li>Yay\u0131n faaliyetimizde ahlaki sorumluluk esast\u0131r.<\/li><li>Yay\u0131n hayat\u0131m\u0131z; \u2013 insan\u0131m\u0131z, \u00e7ocuk ve gen\u00e7lerimizi besleyen, k\u00fclt\u00fcr\u00fcm\u00fcz\u00fc m\u00fcspet etkileyen, y\u00f6nlendiren, bi\u00e7imlendiren anlay\u0131\u015fla \u2013 yeni bir medeniyet tasavvuru yolculu\u011fudur.<\/li><li>Yay\u0131nc\u0131l\u0131kta d\u00fc\u015f\u00fcncemizi, milli k\u00fclt\u00fcr ve medeniyetimizin kaynaklar\u0131 ile besleyerek, en saf ve berrak hali ile yeni nesillere aktarmak hayati g\u00f6revimizdir.<\/li><li>Zihinleri buland\u0131ran, temel bilgi ve haber kaynaklar\u0131m\u0131za dayanmayan, gereksiz \u015f\u00fcphe ve teredd\u00fctlere sebebiyet veren, tehlike g\u00fcd\u00fcml\u00fc anlay\u0131\u015flara vurgu yapan yay\u0131nc\u0131l\u0131\u011f\u0131 reddediyoruz.<\/li><li>Beyin g\u00fcc\u00fcm\u00fcz\u00fc harekete ge\u00e7irerek, tecr\u00fcbe ve birikimimizi de kullanarak, milli ve manevi de\u011ferlerimizin hayat bulmas\u0131na vesile olmak<\/li><li>\u00dclkemizi ku\u015fatan k\u00fcresel istilaya kar\u015f\u0131, milli birlik ve beraberli\u011fimizi korumak i\u00e7in \u00e7areler \u00fcretmek ve ileti\u015fim a\u011f\u0131m\u0131z\u0131 milletimizle g\u00fc\u00e7l\u00fc tutmak yay\u0131n hayat\u0131m\u0131z\u0131n esas\u0131d\u0131r.<\/li><li>Ortak akl\u0131 \u00f6nceleyen, isti\u015fareye \u00f6nem veren, bir ekip ruhu anlay\u0131\u015f\u0131yla hareket ediyoruz.<\/li><\/ol><p><strong>Yay\u0131n \u0130lkelerimiz<\/strong><\/p><p><strong>MADDE 7 <\/strong>\u2013 (1) Yay\u0131nc\u0131l\u0131\u011f\u0131m\u0131z a\u015fa\u011f\u0131daki ilkeler \u00e7er\u00e7evesinde y\u00fcr\u00fct\u00fcl\u00fcr.<\/p><ol><li>Yay\u0131nc\u0131l\u0131k faaliyetlerimiz e\u011fitim, k\u00fclt\u00fcr, bilim alan\u0131nda ilkeli yay\u0131nc\u0131l\u0131\u011f\u0131 esas al\u0131r.<\/li><li>Yeni bir medeniyet tasavvuru yolunda yay\u0131n hayat\u0131na devam etmek temel<\/li><li>Yazarlardan gelen dosya ve kitaplar \u00f6n inceleme komisyonu taraf\u0131ndan<\/li><li>\u00d6n incelemeden ge\u00e7en dosya ve kitaplar edit\u00f6r, tashih ve redaksiyon heyeti taraf\u0131ndan tam metin olarak okunur ve<\/li><li>Tashih ve redaksiyon heyetinin inceledi\u011fi dosya ve kitaplar en az iki uzman taraf\u0131ndan de\u011ferlendirilir.<\/li><li>Uzmanlardan birinin olumsuz, di\u011ferinin olumlu g\u00f6r\u00fc\u015f bildirmesi durumunda yay\u0131n kurulu \u00fc\u00e7\u00fcnc\u00fc bir uzman\u0131n incelemesine karar<\/li><li>Her \u00e7al\u0131\u015fman\u0131n yay\u0131mlanabilmesi i\u00e7in iki uzman\u0131n olumlu g\u00f6r\u00fc\u015f bildirmesi esas al\u0131n\u0131r.<\/li><li>Yararlan\u0131lan kaynaklar\u0131n, dipnotlar\u0131n verilmesinde y\u00f6ntem bak\u0131m\u0131ndan akademik \u00e7al\u0131\u015fma d\u00fczen ve tertibi aran\u0131r.<\/li><li>Yay\u0131mlanan kitap\/makaledeki g\u00f6r\u00fc\u015fler yazar\u0131n\u0131n \u015fahsi g\u00f6r\u00fc\u015f\u00fc olup do\u011frudan ya da dolayl\u0131 olarak vakf\u0131n g\u00f6r\u00fc\u015f\u00fc niteli\u011fini ta\u015f\u0131maz.<\/li><li>Kitap i\u00e7eri\u011finde intihal (plagiarism) incelemesi yap\u0131l\u0131r ve intihal asla kabul<\/li><li>Yay\u0131mlanan haber, yorum ve makalelerin i\u00e7erik ve hukuki sorumlulu\u011fu yazar\u0131na aittir, ayr\u0131ca yazarlarla s\u00f6zle\u015fme yap\u0131l\u0131r.<\/li><li>Yay\u0131mlanmas\u0131 istenen kitaplar\/makaleler e-posta yoluyla g\u00f6nderilebilir.<\/li><li>Yay\u0131mlanmas\u0131na karar verilen eserler i\u00e7in yazarlar\u0131yla telif s\u00f6zle\u015fmesi yap\u0131l\u0131r.<\/li><li>Yay\u0131mlanacak eserlerin \u00f6zg\u00fcn, g\u00fcncel, bilimsel nitelikte olmas\u0131 \u00f6nceli\u011fimizdir.<\/li><\/ol><p><strong>Faaliyet Alanlar\u0131<\/strong><\/p><p><strong>MADDE 8 <\/strong>\u2013 (1) Yay\u0131nc\u0131l\u0131k amac\u0131 do\u011frultusunda yay\u0131n kurulunun sorumlulu\u011funda a\u015fa\u011f\u0131daki yay\u0131nc\u0131l\u0131k faaliyetleri yap\u0131l\u0131r:<\/p><ol><li>Bas\u0131m yay\u0131n \u00e7al\u0131\u015fma alanlar\u0131nda kitap, dergi, b\u00fclten, gazete, makale, bro\u015f\u00fcr, bas\u0131l\u0131 ve g\u00f6rsel yay\u0131nlar yap\u0131l\u0131r.<\/li><li>Kurumsal imaj\u0131 geli\u015ftirmek amac\u0131yla internet ve sosyal medya kullan\u0131l\u0131r, projeler \u00fcretilir.<\/li><li>Bas\u0131n yay\u0131n \u00e7al\u0131\u015fma alanlar\u0131nda g\u00f6rev yapan kurum ve kurulu\u015flarla i\u015fbirli\u011fi yap\u0131l\u0131r ve ortak \u00e7al\u0131\u015fmalar planlan\u0131r.<\/li><li>Ulusal ve uluslararas\u0131 d\u00fczeyde bilimsel toplant\u0131lar d\u00fczenlenir, seminer, konferans, kongre, sempozyum, panel organizasyonlar\u0131 ger\u00e7ekle\u015ftirir.<\/li><li>Vakf\u0131n ama\u00e7 ve ilkelerine uygun alanlarda e\u011fitim materyalleri \u00fcretilir ve e\u011fitimler d\u00fczenlenir.<\/li><li>Vakf\u0131n amac\u0131na uygun yurt i\u00e7i ve yurt d\u0131\u015f\u0131nda bilimsel, k\u00fclt\u00fcrel yay\u0131nlar, Ar-Ge faaliyetleri yap\u0131l\u0131r.<\/li><\/ol><p><strong>\u00dc\u00c7\u00dcNC\u00dc B\u00d6L\u00dcM<\/strong><\/p><p><strong>Yay\u0131n Kurulu Olu\u015fumu, G\u00f6rev ve Sorumluluklar<\/strong><\/p><p><strong>Yay\u0131n Kurulu Olu\u015fumu<\/strong><\/p><p><strong>MADDE 9 <\/strong>\u2013 (1) Yay\u0131n Kurulu, y\u00f6netim kurulunun onay\u0131yla olu\u015fturulur ve yay\u0131n kurulu \u00fcyeleri \u015funlard\u0131r:<\/p><ol><li>Yay\u0131n Kurulu Ba\u015fkan\u0131<\/li><li>Yay\u0131n Kurulu<\/li><li>\u0130nternet Gazetesi Genel Yay\u0131n Y\u00f6netmeni<\/li><li>Bas\u0131l\u0131 Yay\u0131nlar Genel Yay\u0131n Y\u00f6netmeni<\/li><li>Teknik Ekip (Web Edit\u00f6rleri)<\/li><li>Tashih ve Redaksiyon Heyeti<\/li><li>Edit\u00f6r<\/li><li>Yay\u0131n Dan\u0131\u015fmanlar\u0131<\/li><\/ol><p><strong>Yay\u0131n Kurulu Ba\u015fkan\u0131<\/strong><\/p><p><strong>MADDE 10 <\/strong>\u2013 (1) Yay\u0131n Kurulu Ba\u015fkan\u0131n\u0131n g\u00f6revleri \u015funlard\u0131r:<\/p><ol><li>Yay\u0131nc\u0131l\u0131kta Vakf\u0131 temsil<\/li><li>Yay\u0131nc\u0131l\u0131kla ilgili Vak\u0131f y\u00f6netim kurulu kararlar\u0131n\u0131<\/li><li>\u00c7al\u0131\u015fmalarda g\u00f6rev alacaklar\u0131<\/li><li>Yay\u0131n kurulunda \u00fcretilen projeleri y\u00f6netim kuruluna<\/li><li>Yay\u0131n kurulu toplant\u0131lar\u0131nda g\u00fcndemi<\/li><li>Yay\u0131n kurulu toplant\u0131lar\u0131n\u0131n g\u00fcndeme uygun y\u00f6netilmesini sa\u011flar.<\/li><li>\u0130nternet gazetesi ve bas\u0131m-yay\u0131n i\u015f ve i\u015flemlerini kontrol<\/li><li>Gerekti\u011finde g\u00fcndeme uygun bir makale, dosya veya kitab\u0131 konuya v\u00e2k\u0131f yazarlara sipari\u015f<\/li><\/ol><p><strong>Yay\u0131n Kurulu<\/strong><\/p><p><strong>MADDE 11 <\/strong>\u2013 (1) Yay\u0131n Kurulunun g\u00f6revleri \u015funlard\u0131r:<\/p><ol><li>Yay\u0131n kurulu, yay\u0131mlanmak \u00fczere g\u00f6nderilen her \u00e7al\u0131\u015fmay\u0131 yay\u0131n ilke ve politikas\u0131na uygun olup olmad\u0131\u011f\u0131 kapsam\u0131nda inceler, uygun g\u00f6r\u00fclen ve g\u00f6r\u00fclmeyen \u00e7al\u0131\u015fmalar\u0131 y\u00f6netim kurulunun onay\u0131na<\/li><li>Yay\u0131n kurulu, yay\u0131mlanmak \u00fczere g\u00f6nderilen \u00e7al\u0131\u015fman\u0131n de\u011ferlendirme sonu\u00e7lar\u0131n\u0131 \u2013 d\u00fczeltme, ret, kabul amac\u0131yla \u2013 yazara bir ay i\u00e7inde cevap vermek \u00fczere izin<\/li><li>Yay\u0131n kurulu; yay\u0131mlanmak \u00fczere g\u00f6nderilen her eserin haz\u0131rlanmas\u0131, gerekli giri\u015fimlerin yap\u0131lmas\u0131, tasar\u0131m\u0131, zaman\u0131nda yay\u0131mlanmas\u0131 ve \u00e7al\u0131\u015fmalar\u0131n denetiminden<\/li><li>Yay\u0131n kurulu, yay\u0131mlanmak \u00fczere g\u00f6nderilen her \u00e7al\u0131\u015fman\u0131n i\u00e7erik y\u00f6n\u00fcnden hukuki bir i\u015flem i\u00e7erip i\u00e7ermedi\u011fini<\/li><li>Yay\u0131n kurulu; yay\u0131nlanmas\u0131 istenen her \u00e7al\u0131\u015fman\u0131n ele al\u0131nmas\u0131, denetimi, gerekti\u011finde hakemlere g\u00f6nderilmesi, bas\u0131m-yay\u0131m i\u00e7in gerekli \u00e7al\u0131\u015fma ve giri\u015fimlerin koordineli \u00e7al\u0131\u015farak uygun \u015fekilde yap\u0131lmas\u0131ndan<\/li><li>Yay\u0131n kurulu, genel yay\u0131n y\u00f6netmenlerini, edit\u00f6r\u00fc belirler ve gerekti\u011finde grafiker, tasar\u0131mc\u0131 \u00e7al\u0131\u015ft\u0131rabilir.<\/li><li>Yay\u0131n kurulu, gerekti\u011finde yazarlarla de\u011ferlendirme toplant\u0131lar\u0131 yapar ve yazarlardan \u2013 belirlenen ilkeler \u00e7er\u00e7evesinde beklenti ve taleplerini a\u00e7\u0131klar.<\/li><li>Y\u00f6nergede belirlenenlerin i\u015fleyi\u015fi s\u00fcrecinde olas\u0131 aksamalar\u0131 gidermek ve de\u011fi\u015fiklikler yapmak i\u00e7in izlenecek yolu yay\u0131n kurulu<\/li><li>Yay\u0131n kurulu; bas\u0131m, yay\u0131m, da\u011f\u0131t\u0131m i\u015flerinin y\u00fcr\u00fct\u00fclmesinde Anadolu E\u011fitim, K\u00fclt\u00fcr ve Bilim Vakf\u0131 Y\u00f6netim Kurulu Ba\u015fkan\u0131na kar\u015f\u0131<\/li><\/ol><p><strong>Genel Yay\u0131n Y\u00f6netmeni<\/strong><\/p><p><strong>MADDE 12 <\/strong>\u2013 (1) \u0130nternet gazetesi ve bas\u0131l\u0131 yay\u0131nlar olarak iki alanda g\u00f6revlendirme yap\u0131l\u0131r.<\/p><p><strong>\u0130nternet Gazetesi Genel Yay\u0131n Y\u00f6netmeni<\/strong><\/p><p><strong>MADDE 13 <\/strong>\u2013 (1) \u0130nternet Gazetesi Genel Yay\u0131n Y\u00f6netmeninin g\u00f6rev ve sorumluluklar\u0131 \u015funlard\u0131r:<\/p><ol><li>\u0130nternet gazetesi teknik sorumlular\u0131 ile koordineli olarak \u00e7al\u0131\u015farak i\u015flerin uygun \u015fekilde y\u00fcr\u00fct\u00fclmesini sa\u011flar.<\/li><li>\u0130nternet gazetesinde yay\u0131nlanmas\u0131 istenen \u00e7al\u0131\u015fmalar\u0131n zaman\u0131nda ve eksiksiz bir \u015fekilde yay\u0131mlanmas\u0131 i\u00e7in gerekli \u00e7al\u0131\u015fmalar\u0131<\/li><li>\u0130nternet gazetesinde yay\u0131n y\u00f6netim sistemini periyodik aral\u0131klarla kontrol ederek yap\u0131lan yeni ba\u015fvurular\u0131 takip<\/li><li>Kitap ve makalenin intihal a\u00e7\u0131s\u0131ndan \u00f6n incelemeden ge\u00e7irilmesini sa\u011flar.<\/li><li>Teknik ekip taraf\u0131ndan y\u00fcr\u00fct\u00fclen i\u015flerin gerekti\u011fi gibi yap\u0131l\u0131p yap\u0131lmad\u0131\u011f\u0131n\u0131 kontrol<\/li><li>Kabul edilen makalelerin bas\u0131ma haz\u0131rlanmas\u0131 i\u00e7in sayfa d\u00fczeni \u00e7al\u0131\u015fmalar\u0131n\u0131<\/li><li>Bas\u0131m-yay\u0131nla ilgili mizanpaj, kapak tasar\u0131m\u0131, logo i\u015f ve i\u015flemlerini y\u00fcr\u00fct\u00fcr.<\/li><li>Makale g\u00f6nderen yazar\u0131n ba\u015fvuru dilek\u00e7esini, ki\u015fisel ve ileti\u015fim bilgilerini i\u00e7eren formu al\u0131r, karar i\u00e7in yay\u0131n kurulunun g\u00f6r\u00fc\u015f\u00fcne ve yay\u0131n kurulu ba\u015fkan\u0131n\u0131n onay\u0131na<\/li><li>\u0130nternet gazetesine gelen dilek ve \u015fik\u00e2yetleri yay\u0131n kurulu ba\u015fkan\u0131na<\/li><li>\u0130nternet gazetesi i\u015f ve i\u015fleyi\u015finden yay\u0131n kurulu ba\u015fkan\u0131na kar\u015f\u0131<\/li><\/ol><p><strong>Bas\u0131l\u0131 Yay\u0131nlar Genel Yay\u0131n Y\u00f6netmeni<\/strong><\/p><p><strong>MADDE 14 <\/strong>\u2013 (1) Bas\u0131l\u0131 Yay\u0131nlar Genel Yay\u0131n Y\u00f6netmeninin g\u00f6rev \u00a0ve sorumluluklar\u0131 \u015funlard\u0131r:<\/p><ol><li>Bas\u0131m-yay\u0131n \u00e7al\u0131\u015fmalar\u0131n\u0131n zaman\u0131nda ve eksiksiz bir \u015fekilde yap\u0131lmas\u0131 i\u00e7in gerekli \u00f6nlemleri al\u0131r.<\/li><li>Bas\u0131m-yay\u0131n \u00e7al\u0131\u015fmalar\u0131n\u0131 periyodik aral\u0131klarla kontrol ederek yeni kitap ba\u015fvurular\u0131n\u0131 takip<\/li><li>Yazardan gelen dosya ve kitap \u00e7al\u0131\u015fmalar\u0131n\u0131n \u00f6n incelemesinin yap\u0131lmas\u0131n\u0131 sa\u011flar ve bas\u0131m-yay\u0131n karar\u0131 i\u00e7in yay\u0131n kuruluna<\/li><li>Bas\u0131m\u0131na karar verilen eserleri tashih ve redaksiyon heyetine g\u00f6nderir.<\/li><li>\u00d6nerilen yazarlar\u0131n \u00f6zg\u00fcn ve orijinal kitap ve makale yazmalar\u0131 konusunda giri\u015fimlerde<\/li><li>Bas\u0131m ve yay\u0131na haz\u0131r durumdaki eserlerin bask\u0131 \u00f6ncesi durumunu<\/li><li>Bas\u0131m ve yay\u0131na haz\u0131rlanan eserlere g\u00f6rsel eklenmesi, sayfa tasar\u0131m\u0131, tashih yap\u0131lmas\u0131, sunu\u015f, \u00f6ns\u00f6z, takdim yaz\u0131lmas\u0131n\u0131 sa\u011flar, eserlerin kategorisini, t\u00fcr\u00fcn\u00fc, s\u0131ras\u0131n\u0131<\/li><li>Yay\u0131nlar\u0131n telif hakk\u0131, patent, yasal zorunluluk i\u015f ve i\u015flemlerini y\u00fcr\u00fct\u00fcr.<\/li><li>Yazarlardan gelen dosyalar\u0131, metinleri inceler, metnin yay\u0131na haz\u0131rlanmas\u0131 ve bas\u0131m yay\u0131n karar\u0131n\u0131n al\u0131nmas\u0131 s\u00fcrecini y\u00f6netir.<\/li><li>Eserlerin bas\u0131m, yay\u0131n, tasar\u0131m ve pazarlama boyutlar\u0131n\u0131 ta kip ve koordine<\/li><li>Yeni eserler bulma, yeni dosyalar okuma, yay\u0131nevi kataloglar\u0131n\u0131 ve yay\u0131m d\u00fcnyas\u0131n\u0131 takip ederek, yay\u0131n\u0131 yap\u0131labilecek eserleri tespit etme, yazarlarla ileti\u015fim kurma \u00e7al\u0131\u015fmalar\u0131n da<\/li><li>Yazar\u0131n ki\u015fisel ve ileti\u015fim bilgilerini i\u00e7eren formunu al\u0131r, karar i\u00e7in yay\u0131n kurulunun g\u00f6r\u00fc\u015f\u00fcne ve yay\u0131n kurulu ba\u015fkan\u0131n\u0131n onay\u0131na sunar.<\/li><li>Bas\u0131m-yay\u0131n alan\u0131nda gerekli yaz\u0131\u015fmalar\u0131 yapar, ilgili kurum ve kurulu\u015flara ula\u015ft\u0131r\u0131lmas\u0131n\u0131 sa\u011flar.<\/li><li>Bas\u0131m-yay\u0131n konusunda gelen dilek ve \u015fik\u00e2yetleri yay\u0131n kurulu ba\u015fkan\u0131na<\/li><li>Bas\u0131m-yay\u0131n i\u015flerinin y\u00fcr\u00fct\u00fclmesinde yay\u0131n kurulu ba\u015fkan\u0131- na kar\u015f\u0131<\/li><\/ol><p><strong>Teknik Ekip (Web Edit\u00f6rleri)<\/strong><\/p><p><strong>MADDE 15 <\/strong>\u2013 (1) \u0130nternet gazetecili\u011fi teknik ekibinin g\u00f6rev ve sorumluluklar\u0131 \u015funlard\u0131r:<\/p><ol><li>Teknik ekip, internet gazetesinin AEKB Vakf\u0131n\u0131n imaj\u0131n\u0131 ve kurumsal kimli\u011finin yans\u0131t\u0131ld\u0131\u011f\u0131 alan oldu\u011fu<\/li><li>Teknik ekip; haber, yorum gazetecilik faaliyetlerinde bas\u0131n ahlak yasa ve ilkelerine uymaya \u00f6zen g\u00f6sterir.<\/li><li>Teknik ekip internet gazetesinin; eri\u015filebilir, h\u0131zl\u0131, anla\u015f\u0131labilir, \u00f6zg\u00fcn ve i\u00e7eri\u011finin zengin olmas\u0131na gayret<\/li><li>Teknik ekip; okuyucu ile \u2013 gereksiz ayr\u0131nt\u0131lara girmemeye, ziyaret\u00e7i ve okuyucuyu yormamaya \u00f6zen g\u00f6stererek \u2013 etkile\u015fimli<\/li><li>Teknik ekip; yaz\u0131lar\u0131n yay\u0131m\u0131, haberlerin takip edilmesi ve yay\u0131nlanmas\u0131, yay\u0131mlanan yaz\u0131lar\u0131n ar\u015fivlenmesi i\u015flerini<\/li><li>Yaz\u0131l\u0131 ve g\u00f6rsel materyallerin yay\u0131n standartlar\u0131na uygunlu\u011funu sa\u011flar.<\/li><li>\u0130nternet gazetesinin teknik g\u00fcncelleme, iyile\u015ftirme ve geli\u015ftirme \u00e7al\u0131\u015fmalar\u0131n\u0131<\/li><li>\u0130nternet gazetesi ve sosyal medya \u00fczerinden yay\u0131n kurulunun \u00f6nerdi\u011fi eserlerin tan\u0131t\u0131m\u0131n\u0131<\/li><li>Gerekti\u011finde yazarlara e-posta g\u00f6nderir.<\/li><li>Gazetenin resmi yaz\u0131\u015fmalar\u0131n\u0131n ilgili kurum ve kurulu\u015flara ula\u015ft\u0131r\u0131lmas\u0131n\u0131 sa\u011flar.<\/li><li>Gazete i\u015flerinin y\u00fcr\u00fct\u00fclmesinde genel yay\u0131n y\u00f6netmeni ve yay\u0131n kurulu ba\u015fkan\u0131na kar\u015f\u0131<\/li><\/ol><p><strong>Tashih ve Redaksiyon Heyeti<\/strong><\/p><p><strong>MADDE 16 <\/strong>\u2013 (1) T\u00fcrk\u00e7e dilbilgisine her y\u00f6n\u00fcyle v\u00e2k\u0131f ki\u015filerden yay\u0131n kurulunun teklifi ve y\u00f6netim kurulunun onay\u0131yla se\u00e7ilirler.<\/p><p>(2) Bas\u0131m-yay\u0131n \u00e7al\u0131\u015fma alan\u0131nda Tashih ve Redaksiyon Heyetinin g\u00f6rev ve sorumluluklar\u0131 \u015funlard\u0131r:<\/p><ol><li>Tashih ve redaksiyon heyeti kitap metinlerini kontrol eder, yaz\u0131m, noktalama, iml\u00e2 hatalar\u0131n\u0131 d\u00fczeltir.<\/li><li>\u0130mla hatalar\u0131 ve i\u00e7erik sorunlar\u0131n\u0131 gerekti\u011finde yazarla i\u015fbirli\u011fi yaparak d\u00fczeltilmesini sa\u011flar.<\/li><li>Metinlerdeki bilgi ve verileri kontrol eder, metin i\u00e7i tekrarlar\u0131 giderir, yaz\u0131m k\u0131lavuzunu esas alarak yaz\u0131m hatalar\u0131n\u0131n giderilmesini sa\u011flar.<\/li><li>Metinlerdeki hatalar\u0131 d\u00fczeltmekle birlikte metinlerde i\u00e7erik ve anlam b\u00fct\u00fcnl\u00fc\u011f\u00fcn\u00fc sa\u011flar.<\/li><li>Metnin \u00f6zne y\u00fcklem uyumsuzlu\u011funu, T\u00fcrk\u00e7e hatalar\u0131n\u0131 giderir.<\/li><li>Tashih ve redaksiyonu biten kitab\u0131n yay\u0131mlanmadan \u00f6nce son okumas\u0131n\u0131 yapar ve bas\u0131ma g\u00f6nderilmesine karar<\/li><li>\u00c7eviri metinlerini orijinal metinle kar\u015f\u0131la\u015ft\u0131r\u0131r, gerekli d\u00fczeltmeleri yapar ve \u00e7evirilerin T\u00fcrk\u00e7eye uygunlu\u011funu ve ak\u0131c\u0131l\u0131\u011f\u0131n\u0131<\/li><li>Bask\u0131dan \u00f6nce son ozalit \u00e7\u0131kt\u0131s\u0131n\u0131 okuyarak varsa hatalar\u0131 tespit eder ve<\/li><li>Yay\u0131ma haz\u0131rlanan kitaplarda anlam ve kurgu sorunlar\u0131n\u0131n giderilmesini, do\u011fru ve anla\u015f\u0131l\u0131r bi\u00e7ime ula\u015fmas\u0131n\u0131, anlat\u0131m ve dilbilgisi bozukluklar\u0131n\u0131n d\u00fczeltilmesini sa\u011flar.<\/li><li>Tashih ve redaksiyon heyeti, bas\u0131l\u0131 yay\u0131nlar genel yay\u0131n y\u00f6netmenine ve yay\u0131n kurulu ba\u015fkan\u0131na kar\u015f\u0131<\/li><\/ol><p><strong>Edit\u00f6r<\/strong><\/p><p><strong>MADDE 17 <\/strong>\u2013 (1) Alan\u0131nda uzmanla\u015fm\u0131\u015f ki\u015filerden, yay\u0131n kurulunun teklifi ve y\u00f6netim kurulunun onay\u0131yla se\u00e7ilir.<\/p><p>(2) Edit\u00f6r\u00fcn g\u00f6rev ve sorumluluklar\u0131 \u015funlard\u0131r:<\/p><ol><li>Kitap ve makale metninin b\u00fct\u00fcnl\u00fc\u011f\u00fcne bakar, bi\u00e7imle ilgili konularda yard\u0131m<\/li><li>Metin i\u00e7i tutarl\u0131l\u0131k sa\u011flamak i\u00e7in b\u00f6l\u00fcmler ekleyip \u00e7\u0131kar\u0131lmas\u0131nda yay\u0131n kuruluna \u00f6nerilerde<\/li><li>Metinleri yay\u0131na haz\u0131rlar, istenildi\u011finde yay\u0131n kuruluna rapor<\/li><li>Pazar ara\u015ft\u0131rmalar\u0131 yapar ve okuyucu e\u011filimlerini takip<\/li><li>Bas\u0131m-yay\u0131n s\u00fcreciyle ilgili y\u00f6nerge ve g\u00f6rev tan\u0131mlar\u0131 haz\u0131rlar.<\/li><li>Edit\u00f6r, genel yay\u0131n y\u00f6netmenlerine ve yay\u0131n kurulu ba\u015fkan\u0131na kar\u015f\u0131<\/li><\/ol><p><strong>Yay\u0131n Dan\u0131\u015fmanlar\u0131<\/strong><\/p><p><strong>MADDE 18 <\/strong>\u2013 (1) Yay\u0131n Kurulu, yay\u0131nc\u0131l\u0131k alan\u0131nda ihtiya\u00e7 duyulmas\u0131 halinde akademisyen ve alan uzmanlar\u0131ndan dan\u0131\u015fmanl\u0131k hizmeti alabilir.<\/p><p>(2) Yay\u0131n dan\u0131\u015fmanlar\u0131 yay\u0131n kurulunun teklifi ve y\u00f6netim kurulunun onay\u0131yla se\u00e7ilir.<\/p><p>(3) Yay\u0131n dan\u0131\u015fmanlar\u0131n\u0131n g\u00f6rev ve sorumluluklar\u0131 \u015funlard\u0131r:<\/p><ol><li>Yay\u0131n dan\u0131\u015fmanlar\u0131n\u0131n iyi okuyucu olmalar\u0131 esast\u0131r.<\/li><li>Bilimsel yay\u0131nlar dan\u0131\u015fmanlar\u0131n incelemesine tabi<\/li><li>Yay\u0131n dan\u0131\u015fmanlar\u0131n\u0131n istenilen zaman ve nitelikte dan\u0131\u015fmanl\u0131k hizmeti vermesi esast\u0131r.<\/li><li>Bilimsel yay\u0131nlar\u0131 dan\u0131\u015fmanlar alan\u0131na g\u00f6re inceler, g\u00f6r\u00fc\u015f\u00fc n\u00fc<\/li><li>Okudu\u011fu metnin zay\u0131f y\u00f6nlerini ve ba\u015far\u0131l\u0131 k\u0131s\u0131mlar\u0131n\u0131 belirler.<\/li><li>Okudu\u011fu metnin dil ve kurgusu hakk\u0131nda bilgi verir ve rapor<\/li><\/ol><p><strong>MADDE 19 <\/strong>\u2013 (1) Yay\u0131n dan\u0131\u015fmanlar\u0131n\u0131n de\u011ferlendirme sonu\u00e7lar\u0131n\u0131n yazara yans\u0131t\u0131lmas\u0131 yay\u0131n kurulunun sorumlulu\u011fundad\u0131r.<\/p><p><strong>MADDE 20 <\/strong>\u2013 (1) Ay Yay\u0131nc\u0131l\u0131k \u00fcr\u00fcnlerinin sat\u0131\u015f, pazarlama, muhasebe i\u015f ve i\u015flemlerinin y\u00fcr\u00fct\u00fclmesinden \u00c7\u0131nar Bilim E\u011fitim Dan\u0131\u015fmanl\u0131k Hizmetleri Bas\u0131m Yay\u0131n Limited \u015eirketi sorumludur.<\/p><p><strong>D\u00d6RD\u00dcNC\u00dc B\u00d6L\u00dcM<\/strong><\/p><p><strong>\u00c7e\u015fitli ve Son H\u00fck\u00fcmler<\/strong><\/p><p><strong>Yetki<\/strong><\/p><p><strong>MADDE 21 <\/strong>\u2013 (1) Yay\u0131n Kurulu Ba\u015fkan\u0131, yay\u0131n kurulunu haftada bir veya ihtiya\u00e7 halinde istedi\u011fi g\u00fcnde toplant\u0131ya \u00e7a\u011f\u0131rmaya yetkilidir.<\/p><p>(2) Yay\u0131n i\u015fleri i\u00e7in gerekti\u011finde ihtiya\u00e7 duyulan alanlarda tam ve k\u0131sm\u0131 zamanl\u0131 personel g\u00f6revlendirmede y\u00f6netim kuruluna teklif g\u00f6t\u00fcrmede yetkilidir.<\/p><p><strong>Y\u00fcr\u00fcrl\u00fck<\/strong><\/p><p><strong>MADDE 22 <\/strong>\u2013 (1) Bu y\u00f6nerge Y\u00f6netim Kurulu Ba\u015fkan\u0131n\u0131n onay\u0131ndan sonra y\u00fcr\u00fcrl\u00fc\u011fe girer.<\/p><p><strong>Y\u00fcr\u00fctme<\/strong><\/p><p><strong>MADDE 23 <\/strong>\u2013 (1) Bu y\u00f6nerge h\u00fck\u00fcmlerini Anadolu E\u011fitim K\u00fclt\u00fcr ve Bilim Vakf\u0131 Y\u00f6netim Kurulu Ba\u015fkan\u0131 y\u00fcr\u00fct\u00fcr.<\/p>\t\t\t\t\t\t\t\t<\/div>\n\t\t\t\t<\/div>\n\t\t\t\t\t<\/div>\n\t\t<\/div>\n\t\t\t\t\t<\/div>\n\t\t<\/section>\n\t\t\t\t<\/div>\n\t\t","protected":false},"excerpt":{"rendered":"<p>ANADOLU E\u011e\u0130T\u0130M K\u00dcLT\u00dcR VE B\u0130L\u0130M VAKFIYAYIN Y\u00d6NERGES\u0130 B\u0130R\u0130NC\u0130 B\u00d6L\u00dcM Ama\u00e7, Kapsam, Dayanak ve Tan\u0131mlar Ama\u00e7 MADDE 1 \u2013 (1) Bu Y\u00f6nergenin amac\u0131, Anadolu E\u011fitim K\u00fclt\u00fcr ve Bilim Vakf\u0131\u2019n\u0131n yay\u0131n ve k\u00fclt\u00fcr hayat\u0131m\u0131za katk\u0131 sa\u011flayacak kitap dergi gazete medya \u00e7al\u0131\u015fmalar\u0131 yapmak, yeni yazarlar\u0131n ke\u015ffedilmesini sa\u011flamak, milli ve manevi de\u011ferlerin ya\u015famas\u0131 ve ya\u015fat\u0131lmas\u0131nda sorumluluk almak ve kurulun [&hellip;]<\/p>\n<div class=\"pvc_clear\"><\/div>\n<p id=\"pvc_stats_4725\" class=\"pvc_stats total_only  \" data-element-id=\"4725\" style=\"\"><i class=\"pvc-stats-icon medium\" aria-hidden=\"true\"><svg aria-hidden=\"true\" focusable=\"false\" data-prefix=\"far\" data-icon=\"chart-bar\" role=\"img\" xmlns=\"http:\/\/www.w3.org\/2000\/svg\" viewBox=\"0 0 512 512\" class=\"svg-inline--fa fa-chart-bar fa-w-16 fa-2x\"><path fill=\"currentColor\" d=\"M396.8 352h22.4c6.4 0 12.8-6.4 12.8-12.8V108.8c0-6.4-6.4-12.8-12.8-12.8h-22.4c-6.4 0-12.8 6.4-12.8 12.8v230.4c0 6.4 6.4 12.8 12.8 12.8zm-192 0h22.4c6.4 0 12.8-6.4 12.8-12.8V140.8c0-6.4-6.4-12.8-12.8-12.8h-22.4c-6.4 0-12.8 6.4-12.8 12.8v198.4c0 6.4 6.4 12.8 12.8 12.8zm96 0h22.4c6.4 0 12.8-6.4 12.8-12.8V204.8c0-6.4-6.4-12.8-12.8-12.8h-22.4c-6.4 0-12.8 6.4-12.8 12.8v134.4c0 6.4 6.4 12.8 12.8 12.8zM496 400H48V80c0-8.84-7.16-16-16-16H16C7.16 64 0 71.16 0 80v336c0 17.67 14.33 32 32 32h464c8.84 0 16-7.16 16-16v-16c0-8.84-7.16-16-16-16zm-387.2-48h22.4c6.4 0 12.8-6.4 12.8-12.8v-70.4c0-6.4-6.4-12.8-12.8-12.8h-22.4c-6.4 0-12.8 6.4-12.8 12.8v70.4c0 6.4 6.4 12.8 12.8 12.8z\" class=\"\"><\/path><\/svg><\/i> <img decoding=\"async\" width=\"16\" height=\"16\" alt=\"Loading\" src=\"https:\/\/anadoluvakfi.org\/wp-content\/plugins\/page-views-count\/ajax-loader-2x.gif\" border=0 \/><\/p>\n<div class=\"pvc_clear\"><\/div>\n","protected":false},"author":1,"featured_media":0,"comment_status":"open","ping_status":"open","sticky":false,"template":"","format":"standard","meta":{"_acf_changed":false,"_monsterinsights_skip_tracking":false,"_monsterinsights_sitenote_active":false,"_monsterinsights_sitenote_note":"","_monsterinsights_sitenote_category":0,"footnotes":""},"categories":[52],"tags":[],"class_list":["post-4725","post","type-post","status-publish","format-standard","hentry","category-kurumsal"],"acf":[],"aioseo_notices":[],"wpmagazine_modules_lite_featured_media_urls":{"thumbnail":"","cvmm-medium":"","cvmm-medium-plus":"","cvmm-portrait":"","cvmm-medium-square":"","cvmm-large":"","cvmm-small":"","full":""},"categories_names":{"52":{"name":"Kurumsal","link":"https:\/\/anadoluvakfi.org\/?cat=52"}},"tags_names":[],"comments_number":"0","_links":{"self":[{"href":"https:\/\/anadoluvakfi.org\/index.php?rest_route=\/wp\/v2\/posts\/4725","targetHints":{"allow":["GET"]}}],"collection":[{"href":"https:\/\/anadoluvakfi.org\/index.php?rest_route=\/wp\/v2\/posts"}],"about":[{"href":"https:\/\/anadoluvakfi.org\/index.php?rest_route=\/wp\/v2\/types\/post"}],"author":[{"embeddable":true,"href":"https:\/\/anadoluvakfi.org\/index.php?rest_route=\/wp\/v2\/users\/1"}],"replies":[{"embeddable":true,"href":"https:\/\/anadoluvakfi.org\/index.php?rest_route=%2Fwp%2Fv2%2Fcomments&post=4725"}],"version-history":[{"count":19,"href":"https:\/\/anadoluvakfi.org\/index.php?rest_route=\/wp\/v2\/posts\/4725\/revisions"}],"predecessor-version":[{"id":4782,"href":"https:\/\/anadoluvakfi.org\/index.php?rest_route=\/wp\/v2\/posts\/4725\/revisions\/4782"}],"wp:attachment":[{"href":"https:\/\/anadoluvakfi.org\/index.php?rest_route=%2Fwp%2Fv2%2Fmedia&parent=4725"}],"wp:term":[{"taxonomy":"category","embeddable":true,"href":"https:\/\/anadoluvakfi.org\/index.php?rest_route=%2Fwp%2Fv2%2Fcategories&post=4725"},{"taxonomy":"post_tag","embeddable":true,"href":"https:\/\/anadoluvakfi.org\/index.php?rest_route=%2Fwp%2Fv2%2Ftags&post=4725"}],"curies":[{"name":"wp","href":"https:\/\/api.w.org\/{rel}","templated":true}]}}