{"id":4569,"date":"2021-12-08T09:01:22","date_gmt":"2021-12-08T09:01:22","guid":{"rendered":"https:\/\/anadoluvakfi.org\/?p=4569"},"modified":"2021-12-31T06:58:44","modified_gmt":"2021-12-31T06:58:44","slug":"takdim-av-hayrullah-baser","status":"publish","type":"post","link":"https:\/\/anadoluvakfi.org\/?p=4569","title":{"rendered":"Takdim \/ Av. Hayrullah Ba\u015fer"},"content":{"rendered":"\t\t<div data-elementor-type=\"wp-post\" data-elementor-id=\"4569\" class=\"elementor elementor-4569\">\n\t\t\t\t\t\t<section class=\"elementor-section elementor-top-section elementor-element elementor-element-1c03750 elementor-section-boxed elementor-section-height-default elementor-section-height-default\" data-id=\"1c03750\" data-element_type=\"section\" data-e-type=\"section\">\n\t\t\t\t\t\t<div class=\"elementor-container elementor-column-gap-default\">\n\t\t\t\t\t<div class=\"elementor-column elementor-col-100 elementor-top-column elementor-element elementor-element-c724ade\" data-id=\"c724ade\" data-element_type=\"column\" data-e-type=\"column\">\n\t\t\t<div class=\"elementor-widget-wrap elementor-element-populated\">\n\t\t\t\t\t\t<div class=\"elementor-element elementor-element-9b2bf14 elementor-widget elementor-widget-heading\" data-id=\"9b2bf14\" data-element_type=\"widget\" data-e-type=\"widget\" data-widget_type=\"heading.default\">\n\t\t\t\t<div class=\"elementor-widget-container\">\n\t\t\t\t\t<h2 class=\"elementor-heading-title elementor-size-default\">Takdim \/ Av. Hayrullah Ba\u015fer<\/h2>\t\t\t\t<\/div>\n\t\t\t\t<\/div>\n\t\t\t\t\t<\/div>\n\t\t<\/div>\n\t\t\t\t\t<\/div>\n\t\t<\/section>\n\t\t\t\t<section class=\"elementor-section elementor-top-section elementor-element elementor-element-30fb85c elementor-section-boxed elementor-section-height-default elementor-section-height-default\" data-id=\"30fb85c\" data-element_type=\"section\" data-e-type=\"section\">\n\t\t\t\t\t\t<div class=\"elementor-container elementor-column-gap-default\">\n\t\t\t\t\t<div class=\"elementor-column elementor-col-100 elementor-top-column elementor-element elementor-element-e2f2669\" data-id=\"e2f2669\" data-element_type=\"column\" data-e-type=\"column\">\n\t\t\t<div class=\"elementor-widget-wrap elementor-element-populated\">\n\t\t\t\t\t\t<div class=\"elementor-element elementor-element-c564b02 elementor-widget elementor-widget-text-editor\" data-id=\"c564b02\" data-element_type=\"widget\" data-e-type=\"widget\" data-widget_type=\"text-editor.default\">\n\t\t\t\t<div class=\"elementor-widget-container\">\n\t\t\t\t\t\t\t\t\t<p>\u00dclkemizin ge\u00e7mi\u015fine bakt\u0131\u011f\u0131m\u0131zda iyi niyetlerle kurulmu\u015f, g\u00fczel hizmetler yapm\u0131\u015f y\u00fczlerce dernek, vak\u0131f ve cemiyetin bir s\u00fcre sonra ya kapan\u0131p gittikleri, ya da i\u015flevini yitirerek at\u0131l hale geldikleri g\u00f6r\u00fclmektedir. Bunun nedenleri aras\u0131nda kendi i\u00e7 mevzuatlar\u0131n\u0131 g\u00fcncelleyip geli\u015ftirememeleri, dinamik yap\u0131lar\u0131n\u0131 devam ettirememeleri veya kurumsalla\u015famamalar\u0131 olarak g\u00f6sterilebilir.<\/p><p>Tarihimizde kurulmu\u015f ve g\u00fcn\u00fcm\u00fczde varl\u0131\u011f\u0131n\u0131 s\u00fcrd\u00fcren vak\u0131flar\u0131n kendilerini ebed m\u00fcddet ya\u015fatacak ve \u00f6zg\u00fcn ama\u00e7lar\u0131n\u0131 ger\u00e7ekle\u015ftirecek sa\u011flam temeller \u00fczerine bina edildikleri izahtan varestedir. Bu m\u00fcesseselerin temel varl\u0131k sebepleri aras\u0131nda iyi d\u00fczenlenmi\u015f bir vak\u0131f senetlerinin olmas\u0131 ve kurumsalla\u015fm\u0131\u015f bir yap\u0131ya sahip olmalar\u0131 \u00f6nemli bir neden say\u0131labilir.<\/p><p>Vak\u0131f m\u00fcesseselerinde belirlenen amac\u0131n \u00f6nemi kadar, bu amac\u0131 ger\u00e7ekle\u015ftirecek insan unsuru ve vakf\u0131n ya\u015famas\u0131n\u0131 temin edecek mali kaynak alt yap\u0131s\u0131 da \u00f6nemlidir. Bu ama\u00e7la M\u00fcsl\u00fcmanlar, Hz. Peygamber (S.A.S) d\u00f6neminden ba\u015flayarak, tarih boyu kurduklar\u0131 vak\u0131flar\u0131n mali kayna\u011f\u0131n\u0131 ta\u015f\u0131nmaz gelirlerine ba\u011flam\u0131\u015flard\u0131r.<\/p><p>Di\u011fer yandan vak\u0131f hizmetleri g\u00f6n\u00fcll\u00fcl\u00fck esas\u0131na dayan\u0131r, sadece Allah r\u0131zas\u0131 g\u00f6zetilir, d\u00fcnyevi, \u015fahsi, nefsi bir beklenti yoktur. Onun i\u00e7in vak\u0131f g\u00f6n\u00fcll\u00fclerinin bu inan\u00e7, ideal, a\u015fk, \u015fevk, heyecan, arzu ve ihlasla yapt\u0131klar\u0131 her faaliyet, gayret, maddi-manevi her katk\u0131; Y\u00fcce Allah\u2019\u0131n yard\u0131m\u0131yla ba\u015far\u0131l\u0131 sonu\u00e7lar do\u011furmakta, toplumsal hayat\u0131m\u0131z\u0131n bir\u00e7ok ihtiyac\u0131 kar\u015f\u0131lanmaktad\u0131r.<\/p><p>B\u00f6ylesine de\u011ferli bir alanda sorumluluk \u00fcslenmi\u015f vakf\u0131m\u0131z\u0131n ba\u011flay\u0131c\u0131 kurallar\u0131 mevzuat\u0131m\u0131zd\u0131r. Bunlar \u201cVak\u0131flar Kanunu\u201d, \u201cVak\u0131f Senedi\u201d (Ana S\u00f6zle\u015fme) \u201cM\u00fctevelli Heyet Kararlar\u0131\u201dd\u0131r.<\/p><p>Bu d\u00fczenlemeler, te\u015fkilat birimlerimizin faaliyet ve idari i\u015fleyi\u015f bak\u0131m\u0131ndan \u00e7al\u0131\u015fma usul ve esaslar\u0131n\u0131, g\u00f6rev ve sorumluluklar\u0131n\u0131 belirleyerek birlik ve b\u00fct\u00fcnl\u00fc\u011f\u00fc sa\u011flar. Vakf\u0131m\u0131z Mevzuat\u0131 ayn\u0131 zamanda kurumsalla\u015fma s\u00fcrecinin de temel yap\u0131 ta\u015flar\u0131n\u0131 olu\u015fturmaktad\u0131r. Kurumsalla\u015fma;<\/p><p>\u221a <em>Vakf\u0131m\u0131z\u0131n ama\u00e7lar\u0131 ve \u00fcstlendi\u011fi ana g\u00f6revini tan\u0131mlayan misyonumuzun,<\/em><\/p><p>\u221a <em>Stratejik kararlar ve faaliyetlerimize y\u00f6n veren vizyonumuzun,<\/em><\/p><p>\u221a <em>Etkinliklerimizi y\u00fcr\u00fct\u00fcrken uyaca\u011f\u0131m\u0131z temel ilke ve de\u011ferlerimizin,<\/em><\/p><p>\u221a <em>Faaliyetlerimizi icra ederken izledi\u011fimiz yol ve y\u00f6ntemleri yans\u0131tan politikalar\u0131m\u0131z\u0131n ve<\/em><\/p><p>\u221a <em>Belirledi\u011fimiz hedeflere ula\u015fmak i\u00e7in s\u00fcrd\u00fcrece\u011fimiz uygulamalar\u0131n <\/em>sistematik bir hale getirilmesidir. Kurumsalla\u015fma ayr\u0131ca; Vak\u0131f \u00e7al\u0131\u015fmalar\u0131na s\u00fcrd\u00fcr\u00fclebilir bir kalite, hareketlilik ve s\u00fcreklilik kazand\u0131r\u0131lmas\u0131n\u0131 sa\u011flayan yap\u0131lanman\u0131n ad\u0131d\u0131r.<\/p><p>Vakf\u0131m\u0131zdaki kurumsalla\u015fman\u0131n temel amac\u0131, kurumsal i\u015f ve i\u015flemlerin y\u00f6netici ve \u00e7al\u0131\u015fanlar\u0131n bireysel becerilerine ba\u011fl\u0131 olmaktan \u00e7\u0131kar\u0131p ba\u011f\u0131ms\u0131z ve s\u00fcrd\u00fcr\u00fclebilir sistematik bir yap\u0131ya d\u00f6n\u00fc\u015ft\u00fcrmektir. Bu Vakf\u0131m\u0131z\u0131n \u00f6nemli noktalar\u0131nda insan kayna\u011f\u0131n\u0131n olmayaca\u011f\u0131 anlam\u0131na gelmez. Fakat kurumsalla\u015fma, birim sorumlusu olmad\u0131\u011f\u0131nda da vak\u0131f faaliyetlerinin, i\u015f ve i\u015flemlerinin hi\u00e7 ak samadan kald\u0131\u011f\u0131 yerden devam edebilmesi demektir.<\/p><p>Medeniyetimizin yeniden tasavvuru, in\u015fa ve ihyas\u0131 ekseninde \u00f6nemli hizmetlerin y\u00fcr\u00fct\u00fcld\u00fc\u011f\u00fc vakf\u0131m\u0131z\u0131n \u00e7al\u0131\u015fmalar\u0131n\u0131 s\u00fcrd\u00fcr\u00fclebilir ve dinamik hale getirmek, kurumsalla\u015fmak i\u00e7in 2017 y\u0131l\u0131nda Vak\u0131f Y\u00f6netmeli\u011fi, Genel M\u00fcd\u00fcrl\u00fck, Yay\u0131n, E\u011fitim\u00a0<span style=\"font-size: 14px; color: var( --e-global-color-text );\">\u2013 K\u00fclt\u00fcr, Burs Y\u00f6nergeleri yeniden g\u00f6zden ge\u00e7irilerek g\u00fcncellenmi\u015ftir. Ayr\u0131ca Vakf\u0131m\u0131z\u0131n 2017-2019 Y\u0131llar\u0131n\u0131 kapsayan, \u00fc\u00e7 y\u0131ll\u0131k Stratejik Pl\u00e2n\u0131 yap\u0131lm\u0131\u015f, buna g\u00f6re haz\u0131rlanan Stratejik Eylem Plan\u0131 da y\u00fcr\u00fcrl\u00fc\u011fe konulmu\u015ftur. B\u00f6ylece b\u00fct\u00fcn birimlerimizle Vizyonumuz ve Misyonumuz do\u011frultusunda belirlenen ama\u00e7lar\u0131m\u0131z\u0131 ve hedeflerimizi ger\u00e7ekle\u015ftirmede eylem birli\u011finin sa\u011flanmas\u0131 hedeflenmi\u015ftir.<\/span><\/p><p>Gerek Merkez Te\u015fkilat\u0131nda, gerekse \u015eube ve Temsilciliklerde g\u00f6rev alan b\u00fct\u00fcn y\u00f6neticiler i\u00e7in bu mevzuat kitap\u00e7\u0131\u011f\u0131n\u0131n bir k\u0131lavuz olmas\u0131n\u0131 diliyorum.<\/p><p>\u00c7al\u0131\u015fmak bizden, inayet Rabbimdendir.<\/p><p>\u00a0<\/p>\t\t\t\t\t\t\t\t<\/div>\n\t\t\t\t<\/div>\n\t\t\t\t\t<\/div>\n\t\t<\/div>\n\t\t\t\t\t<\/div>\n\t\t<\/section>\n\t\t\t\t<\/div>\n\t\t","protected":false},"excerpt":{"rendered":"<p>Takdim \/ Av. Hayrullah Ba\u015fer \u00dclkemizin ge\u00e7mi\u015fine bakt\u0131\u011f\u0131m\u0131zda iyi niyetlerle kurulmu\u015f, g\u00fczel hizmetler yapm\u0131\u015f y\u00fczlerce dernek, vak\u0131f ve cemiyetin bir s\u00fcre sonra ya kapan\u0131p gittikleri, ya da i\u015flevini yitirerek at\u0131l hale geldikleri g\u00f6r\u00fclmektedir. Bunun nedenleri aras\u0131nda kendi i\u00e7 mevzuatlar\u0131n\u0131 g\u00fcncelleyip geli\u015ftirememeleri, dinamik yap\u0131lar\u0131n\u0131 devam ettirememeleri veya kurumsalla\u015famamalar\u0131 olarak g\u00f6sterilebilir. Tarihimizde kurulmu\u015f ve g\u00fcn\u00fcm\u00fczde varl\u0131\u011f\u0131n\u0131 s\u00fcrd\u00fcren [&hellip;]<\/p>\n<div class=\"pvc_clear\"><\/div>\n<p id=\"pvc_stats_4569\" class=\"pvc_stats total_only  \" data-element-id=\"4569\" style=\"\"><i class=\"pvc-stats-icon medium\" aria-hidden=\"true\"><svg aria-hidden=\"true\" focusable=\"false\" data-prefix=\"far\" data-icon=\"chart-bar\" role=\"img\" xmlns=\"http:\/\/www.w3.org\/2000\/svg\" viewBox=\"0 0 512 512\" class=\"svg-inline--fa fa-chart-bar fa-w-16 fa-2x\"><path fill=\"currentColor\" d=\"M396.8 352h22.4c6.4 0 12.8-6.4 12.8-12.8V108.8c0-6.4-6.4-12.8-12.8-12.8h-22.4c-6.4 0-12.8 6.4-12.8 12.8v230.4c0 6.4 6.4 12.8 12.8 12.8zm-192 0h22.4c6.4 0 12.8-6.4 12.8-12.8V140.8c0-6.4-6.4-12.8-12.8-12.8h-22.4c-6.4 0-12.8 6.4-12.8 12.8v198.4c0 6.4 6.4 12.8 12.8 12.8zm96 0h22.4c6.4 0 12.8-6.4 12.8-12.8V204.8c0-6.4-6.4-12.8-12.8-12.8h-22.4c-6.4 0-12.8 6.4-12.8 12.8v134.4c0 6.4 6.4 12.8 12.8 12.8zM496 400H48V80c0-8.84-7.16-16-16-16H16C7.16 64 0 71.16 0 80v336c0 17.67 14.33 32 32 32h464c8.84 0 16-7.16 16-16v-16c0-8.84-7.16-16-16-16zm-387.2-48h22.4c6.4 0 12.8-6.4 12.8-12.8v-70.4c0-6.4-6.4-12.8-12.8-12.8h-22.4c-6.4 0-12.8 6.4-12.8 12.8v70.4c0 6.4 6.4 12.8 12.8 12.8z\" class=\"\"><\/path><\/svg><\/i> <img decoding=\"async\" width=\"16\" height=\"16\" alt=\"Loading\" src=\"https:\/\/anadoluvakfi.org\/wp-content\/plugins\/page-views-count\/ajax-loader-2x.gif\" border=0 \/><\/p>\n<div class=\"pvc_clear\"><\/div>\n","protected":false},"author":1,"featured_media":0,"comment_status":"open","ping_status":"open","sticky":false,"template":"","format":"standard","meta":{"_acf_changed":false,"_monsterinsights_skip_tracking":false,"_monsterinsights_sitenote_active":false,"_monsterinsights_sitenote_note":"","_monsterinsights_sitenote_category":0,"footnotes":""},"categories":[52],"tags":[],"class_list":["post-4569","post","type-post","status-publish","format-standard","hentry","category-kurumsal"],"acf":[],"aioseo_notices":[],"wpmagazine_modules_lite_featured_media_urls":{"thumbnail":"","cvmm-medium":"","cvmm-medium-plus":"","cvmm-portrait":"","cvmm-medium-square":"","cvmm-large":"","cvmm-small":"","full":""},"categories_names":{"52":{"name":"Kurumsal","link":"https:\/\/anadoluvakfi.org\/?cat=52"}},"tags_names":[],"comments_number":"0","_links":{"self":[{"href":"https:\/\/anadoluvakfi.org\/index.php?rest_route=\/wp\/v2\/posts\/4569","targetHints":{"allow":["GET"]}}],"collection":[{"href":"https:\/\/anadoluvakfi.org\/index.php?rest_route=\/wp\/v2\/posts"}],"about":[{"href":"https:\/\/anadoluvakfi.org\/index.php?rest_route=\/wp\/v2\/types\/post"}],"author":[{"embeddable":true,"href":"https:\/\/anadoluvakfi.org\/index.php?rest_route=\/wp\/v2\/users\/1"}],"replies":[{"embeddable":true,"href":"https:\/\/anadoluvakfi.org\/index.php?rest_route=%2Fwp%2Fv2%2Fcomments&post=4569"}],"version-history":[{"count":7,"href":"https:\/\/anadoluvakfi.org\/index.php?rest_route=\/wp\/v2\/posts\/4569\/revisions"}],"predecessor-version":[{"id":4576,"href":"https:\/\/anadoluvakfi.org\/index.php?rest_route=\/wp\/v2\/posts\/4569\/revisions\/4576"}],"wp:attachment":[{"href":"https:\/\/anadoluvakfi.org\/index.php?rest_route=%2Fwp%2Fv2%2Fmedia&parent=4569"}],"wp:term":[{"taxonomy":"category","embeddable":true,"href":"https:\/\/anadoluvakfi.org\/index.php?rest_route=%2Fwp%2Fv2%2Fcategories&post=4569"},{"taxonomy":"post_tag","embeddable":true,"href":"https:\/\/anadoluvakfi.org\/index.php?rest_route=%2Fwp%2Fv2%2Ftags&post=4569"}],"curies":[{"name":"wp","href":"https:\/\/api.w.org\/{rel}","templated":true}]}}