{"id":13973,"date":"2026-03-13T11:58:13","date_gmt":"2026-03-13T11:58:13","guid":{"rendered":"https:\/\/anadoluvakfi.org\/?p=13973"},"modified":"2026-03-13T12:02:43","modified_gmt":"2026-03-13T12:02:43","slug":"biraz-aleviyiz-biraz-sunniyiz-yayinlandi","status":"publish","type":"post","link":"https:\/\/anadoluvakfi.org\/?p=13973","title":{"rendered":"Biraz Aleviyiz Biraz S\u00fcnniyiz Yay\u0131nland\u0131"},"content":{"rendered":"\t\t<div data-elementor-type=\"wp-post\" data-elementor-id=\"13973\" class=\"elementor elementor-13973\">\n\t\t\t\t\t\t<section class=\"elementor-section elementor-top-section elementor-element elementor-element-aa88638 elementor-section-boxed elementor-section-height-default elementor-section-height-default\" data-id=\"aa88638\" data-element_type=\"section\" data-e-type=\"section\">\n\t\t\t\t\t\t<div class=\"elementor-container elementor-column-gap-default\">\n\t\t\t\t\t<div class=\"elementor-column elementor-col-100 elementor-top-column elementor-element elementor-element-1d54548\" data-id=\"1d54548\" data-element_type=\"column\" data-e-type=\"column\">\n\t\t\t<div class=\"elementor-widget-wrap elementor-element-populated\">\n\t\t\t\t\t\t<div class=\"elementor-element elementor-element-7d73e47 elementor-widget elementor-widget-heading\" data-id=\"7d73e47\" data-element_type=\"widget\" data-e-type=\"widget\" data-widget_type=\"heading.default\">\n\t\t\t\t<div class=\"elementor-widget-container\">\n\t\t\t\t\t<h2 class=\"elementor-heading-title elementor-size-default\">Biraz Aleviyiz Biraz S\u00fcnniyiz Yay\u0131nland\u0131<\/h2>\t\t\t\t<\/div>\n\t\t\t\t<\/div>\n\t\t\t\t\t<\/div>\n\t\t<\/div>\n\t\t\t\t\t<\/div>\n\t\t<\/section>\n\t\t\t\t<section class=\"elementor-section elementor-top-section elementor-element elementor-element-59be4cd elementor-section-boxed elementor-section-height-default elementor-section-height-default\" data-id=\"59be4cd\" data-element_type=\"section\" data-e-type=\"section\">\n\t\t\t\t\t\t<div class=\"elementor-container elementor-column-gap-default\">\n\t\t\t\t\t<div class=\"elementor-column elementor-col-50 elementor-top-column elementor-element elementor-element-d855bcf\" data-id=\"d855bcf\" data-element_type=\"column\" data-e-type=\"column\">\n\t\t\t<div class=\"elementor-widget-wrap elementor-element-populated\">\n\t\t\t\t\t\t<div class=\"elementor-element elementor-element-6324491 gallery-spacing-custom elementor-widget elementor-widget-image-gallery\" data-id=\"6324491\" data-element_type=\"widget\" data-e-type=\"widget\" data-widget_type=\"image-gallery.default\">\n\t\t\t\t<div class=\"elementor-widget-container\">\n\t\t\t\t\t\t\t<div class=\"elementor-image-gallery\">\n\t\t\t<div id='gallery-2' class='gallery galleryid-13973 gallery-columns-1 gallery-size-medium_large'><figure class='gallery-item'>\n\t\t\t<div class='gallery-icon portrait'>\n\t\t\t\t<a data-elementor-open-lightbox=\"yes\" data-elementor-lightbox-slideshow=\"6324491\" data-elementor-lightbox-title=\"birazaleviyiz_birazsunniyiz_kapak\" data-e-action-hash=\"#elementor-action%3Aaction%3Dlightbox%26settings%3DeyJpZCI6MTM5NzYsInVybCI6Imh0dHBzOlwvXC9hbmFkb2x1dmFrZmkub3JnXC93cC1jb250ZW50XC91cGxvYWRzXC8yMDI2XC8wM1wvYmlyYXphbGV2aXlpel9iaXJhenN1bm5peWl6X2thcGFrLnBuZyIsInNsaWRlc2hvdyI6IjYzMjQ0OTEifQ%3D%3D\" href='https:\/\/anadoluvakfi.org\/wp-content\/uploads\/2026\/03\/birazaleviyiz_birazsunniyiz_kapak.png'><img fetchpriority=\"high\" decoding=\"async\" width=\"640\" height=\"907\" src=\"https:\/\/anadoluvakfi.org\/wp-content\/uploads\/2026\/03\/birazaleviyiz_birazsunniyiz_kapak-768x1088.png\" class=\"attachment-medium_large size-medium_large\" alt=\"\" srcset=\"https:\/\/anadoluvakfi.org\/wp-content\/uploads\/2026\/03\/birazaleviyiz_birazsunniyiz_kapak-768x1088.png 768w, https:\/\/anadoluvakfi.org\/wp-content\/uploads\/2026\/03\/birazaleviyiz_birazsunniyiz_kapak-212x300.png 212w, https:\/\/anadoluvakfi.org\/wp-content\/uploads\/2026\/03\/birazaleviyiz_birazsunniyiz_kapak-723x1024.png 723w, https:\/\/anadoluvakfi.org\/wp-content\/uploads\/2026\/03\/birazaleviyiz_birazsunniyiz_kapak-1084x1536.png 1084w, https:\/\/anadoluvakfi.org\/wp-content\/uploads\/2026\/03\/birazaleviyiz_birazsunniyiz_kapak.png 1200w\" sizes=\"(max-width: 640px) 100vw, 640px\" \/><\/a>\n\t\t\t<\/div><\/figure>\n\t\t<\/div>\n\t\t<\/div>\n\t\t\t\t\t\t<\/div>\n\t\t\t\t<\/div>\n\t\t\t\t\t<\/div>\n\t\t<\/div>\n\t\t\t\t<div class=\"elementor-column elementor-col-50 elementor-top-column elementor-element elementor-element-c4f562d\" data-id=\"c4f562d\" data-element_type=\"column\" data-e-type=\"column\">\n\t\t\t<div class=\"elementor-widget-wrap elementor-element-populated\">\n\t\t\t\t\t\t<div class=\"elementor-element elementor-element-0750e50 elementor-widget__width-initial elementor-widget elementor-widget-text-editor\" data-id=\"0750e50\" data-element_type=\"widget\" data-e-type=\"widget\" data-widget_type=\"text-editor.default\">\n\t\t\t\t<div class=\"elementor-widget-container\">\n\t\t\t\t\t\t\t\t\t<p>Uzun y\u0131llar bir arada ya\u015fayan ve aralar\u0131nda \u00f6nemsenecek \u00f6nemli bir sorunun da \u00e7\u0131kmad\u0131\u011f\u0131 ekonomik, sosyal ve k\u00fclt\u00fcrel gruplar\u0131n, daha g\u00fczel bir gelecek i\u00e7in birbirlerini tan\u0131maya, varl\u0131klar\u0131na tahamm\u00fcl g\u00f6stermeye gereksinimleri vard\u0131r. Tan\u0131\u015fmak ve tan\u0131\u015f olmak, tarihin ve d\u00fc\u015fman\u0131n yaratt\u0131\u011f\u0131 k\u0131rg\u0131nl\u0131klara kar\u015f\u0131 en iyi ila\u00e7t\u0131r. Tan\u0131mak ve anlamak, ileti\u015fim ve birlikte bar\u0131\u015f i\u00e7inde ya\u015faman\u0131n ilk ad\u0131m\u0131d\u0131r. Ayr\u0131ca tan\u0131mak ve kar\u015f\u0131s\u0131ndakini anlamak, do\u011fru karar ve do\u011fru siyasetin temelidir.<br \/>\u015eimdiye kadar bizim neslimiz kendi toplumunu anlamay\u0131 ve de\u011fi\u015fiminin temel yasalar\u0131n\u0131 kavramay\u0131 Bat\u0131 toplumunun ge\u00e7irdi\u011fi s\u0131n\u0131fsal de\u011fi\u015fikliklerin tarihinde bulmaya \u00e7al\u0131\u015fm\u0131\u015ft\u0131. Sosyalizmin ve Kapitalizmin s\u0131n\u0131fsal bak\u0131\u015f a\u00e7\u0131lar\u0131 ve de\u011fi\u015fim tarihi bizim milletimizin yap\u0131s\u0131na ve de\u011fi\u015fim kurallar\u0131na uymam\u0131\u015ft\u0131r. Bu nedenle var\u0131lan sonu\u00e7lar ve \u00fcretilmek istenen siyasetin de ayaklar\u0131 yere basmam\u0131\u015f, hayalden \u00f6teye ge\u00e7meyen binlerce yeni sorunun yarat\u0131lmas\u0131na arac\u0131 olmu\u015ftur. \u0130la\u00e7 ve tedavi yerine, yeni hastal\u0131klara sebep olmu\u015f ve olmaya da devam etmektedir.<br \/>Bu nedenle bu ara\u015ft\u0131rmada biz kendi toplumumuzu tarihte uzanabildi\u011fimiz kadar ge\u00e7 d\u00f6nemlerinden ba\u015flayarak, tan\u0131maya ve anlamaya \u00e7al\u0131\u015farak, yeni siyaset ve yol arayan herkese kar\u0131nca karar\u0131nca yard\u0131mc\u0131 olmaya \u00e7al\u0131\u015faca\u011f\u0131z. <em>\u00a0<\/em><\/p><p><span style=\"color: var( --e-global-color-text ); font-size: 19px;\">Sipari\u015f \u0130\u00e7in:<\/span><\/p><p><a href=\"https:\/\/www.anadoluayyayinlari.com\/\">www.anadoluayyayinlari.com<\/a><\/p>\t\t\t\t\t\t\t\t<\/div>\n\t\t\t\t<\/div>\n\t\t\t\t\t<\/div>\n\t\t<\/div>\n\t\t\t\t\t<\/div>\n\t\t<\/section>\n\t\t\t\t<\/div>\n\t\t","protected":false},"excerpt":{"rendered":"<p>Biraz Aleviyiz Biraz S\u00fcnniyiz Yay\u0131nland\u0131 Uzun y\u0131llar bir arada ya\u015fayan ve aralar\u0131nda \u00f6nemsenecek \u00f6nemli bir sorunun da \u00e7\u0131kmad\u0131\u011f\u0131 ekonomik, sosyal ve k\u00fclt\u00fcrel gruplar\u0131n, daha g\u00fczel bir gelecek i\u00e7in birbirlerini tan\u0131maya, varl\u0131klar\u0131na tahamm\u00fcl g\u00f6stermeye gereksinimleri vard\u0131r. Tan\u0131\u015fmak ve tan\u0131\u015f olmak, tarihin ve d\u00fc\u015fman\u0131n yaratt\u0131\u011f\u0131 k\u0131rg\u0131nl\u0131klara kar\u015f\u0131 en iyi ila\u00e7t\u0131r. Tan\u0131mak ve anlamak, ileti\u015fim ve birlikte bar\u0131\u015f [&hellip;]<\/p>\n","protected":false},"author":1,"featured_media":13974,"comment_status":"open","ping_status":"open","sticky":false,"template":"elementor_header_footer","format":"standard","meta":{"_acf_changed":false,"_monsterinsights_skip_tracking":false,"_monsterinsights_sitenote_active":false,"_monsterinsights_sitenote_note":"","_monsterinsights_sitenote_category":0,"footnotes":""},"categories":[34,50,44],"tags":[],"class_list":["post-13973","post","type-post","status-publish","format-standard","has-post-thumbnail","hentry","category-anadolu-ay-yayinlari","category-slider","category-yayinlarimiz"],"acf":[],"aioseo_notices":[],"wpmagazine_modules_lite_featured_media_urls":{"thumbnail":["https:\/\/anadoluvakfi.org\/wp-content\/uploads\/2026\/03\/birazaleviyiz_birazsunniyiz_anadolu_vakfi_slider-150x150.jpg",150,150,true],"cvmm-medium":["https:\/\/anadoluvakfi.org\/wp-content\/uploads\/2026\/03\/birazaleviyiz_birazsunniyiz_anadolu_vakfi_slider-300x300.jpg",300,300,true],"cvmm-medium-plus":["https:\/\/anadoluvakfi.org\/wp-content\/uploads\/2026\/03\/birazaleviyiz_birazsunniyiz_anadolu_vakfi_slider-305x207.jpg",305,207,true],"cvmm-portrait":["https:\/\/anadoluvakfi.org\/wp-content\/uploads\/2026\/03\/birazaleviyiz_birazsunniyiz_anadolu_vakfi_slider-400x491.jpg",400,491,true],"cvmm-medium-square":["https:\/\/anadoluvakfi.org\/wp-content\/uploads\/2026\/03\/birazaleviyiz_birazsunniyiz_anadolu_vakfi_slider-600x491.jpg",600,491,true],"cvmm-large":["https:\/\/anadoluvakfi.org\/wp-content\/uploads\/2026\/03\/birazaleviyiz_birazsunniyiz_anadolu_vakfi_slider.jpg",900,491,false],"cvmm-small":["https:\/\/anadoluvakfi.org\/wp-content\/uploads\/2026\/03\/birazaleviyiz_birazsunniyiz_anadolu_vakfi_slider-130x95.jpg",130,95,true],"full":["https:\/\/anadoluvakfi.org\/wp-content\/uploads\/2026\/03\/birazaleviyiz_birazsunniyiz_anadolu_vakfi_slider.jpg",900,491,false]},"categories_names":{"34":{"name":"Anadolu Ay Yay\u0131nlar\u0131","link":"https:\/\/anadoluvakfi.org\/?cat=34"},"50":{"name":"Slider","link":"https:\/\/anadoluvakfi.org\/?cat=50"},"44":{"name":"Yay\u0131nlar\u0131m\u0131z","link":"https:\/\/anadoluvakfi.org\/?cat=44"}},"tags_names":[],"comments_number":"0","_links":{"self":[{"href":"https:\/\/anadoluvakfi.org\/index.php?rest_route=\/wp\/v2\/posts\/13973","targetHints":{"allow":["GET"]}}],"collection":[{"href":"https:\/\/anadoluvakfi.org\/index.php?rest_route=\/wp\/v2\/posts"}],"about":[{"href":"https:\/\/anadoluvakfi.org\/index.php?rest_route=\/wp\/v2\/types\/post"}],"author":[{"embeddable":true,"href":"https:\/\/anadoluvakfi.org\/index.php?rest_route=\/wp\/v2\/users\/1"}],"replies":[{"embeddable":true,"href":"https:\/\/anadoluvakfi.org\/index.php?rest_route=%2Fwp%2Fv2%2Fcomments&post=13973"}],"version-history":[{"count":4,"href":"https:\/\/anadoluvakfi.org\/index.php?rest_route=\/wp\/v2\/posts\/13973\/revisions"}],"predecessor-version":[{"id":13979,"href":"https:\/\/anadoluvakfi.org\/index.php?rest_route=\/wp\/v2\/posts\/13973\/revisions\/13979"}],"wp:featuredmedia":[{"embeddable":true,"href":"https:\/\/anadoluvakfi.org\/index.php?rest_route=\/wp\/v2\/media\/13974"}],"wp:attachment":[{"href":"https:\/\/anadoluvakfi.org\/index.php?rest_route=%2Fwp%2Fv2%2Fmedia&parent=13973"}],"wp:term":[{"taxonomy":"category","embeddable":true,"href":"https:\/\/anadoluvakfi.org\/index.php?rest_route=%2Fwp%2Fv2%2Fcategories&post=13973"},{"taxonomy":"post_tag","embeddable":true,"href":"https:\/\/anadoluvakfi.org\/index.php?rest_route=%2Fwp%2Fv2%2Ftags&post=13973"}],"curies":[{"name":"wp","href":"https:\/\/api.w.org\/{rel}","templated":true}]}}