{"id":10654,"date":"2025-04-16T11:20:33","date_gmt":"2025-04-16T11:20:33","guid":{"rendered":"https:\/\/anadoluvakfi.org\/?p=10654"},"modified":"2025-10-30T10:14:10","modified_gmt":"2025-10-30T10:14:10","slug":"bir-donemin-hikayesi-kitabi-yayinlandi","status":"publish","type":"post","link":"https:\/\/anadoluvakfi.org\/?p=10654","title":{"rendered":"Bir D\u00f6nemin Hikayesi Kitab\u0131 Yay\u0131nland\u0131"},"content":{"rendered":"\t\t<div data-elementor-type=\"wp-post\" data-elementor-id=\"10654\" class=\"elementor elementor-10654\">\n\t\t\t\t\t\t<section class=\"elementor-section elementor-top-section elementor-element elementor-element-aa88638 elementor-section-boxed elementor-section-height-default elementor-section-height-default\" data-id=\"aa88638\" data-element_type=\"section\" data-e-type=\"section\">\n\t\t\t\t\t\t<div class=\"elementor-container elementor-column-gap-default\">\n\t\t\t\t\t<div class=\"elementor-column elementor-col-100 elementor-top-column elementor-element elementor-element-1d54548\" data-id=\"1d54548\" data-element_type=\"column\" data-e-type=\"column\">\n\t\t\t<div class=\"elementor-widget-wrap elementor-element-populated\">\n\t\t\t\t\t\t<div class=\"elementor-element elementor-element-7d73e47 elementor-widget elementor-widget-heading\" data-id=\"7d73e47\" data-element_type=\"widget\" data-e-type=\"widget\" data-widget_type=\"heading.default\">\n\t\t\t\t<div class=\"elementor-widget-container\">\n\t\t\t\t\t<h2 class=\"elementor-heading-title elementor-size-default\">B\u0130R D\u00d6NEM\u0130N H\u0130KAYES\u0130 Yay\u0131nland\u0131<\/h2>\t\t\t\t<\/div>\n\t\t\t\t<\/div>\n\t\t\t\t\t<\/div>\n\t\t<\/div>\n\t\t\t\t\t<\/div>\n\t\t<\/section>\n\t\t\t\t<section class=\"elementor-section elementor-top-section elementor-element elementor-element-59be4cd elementor-section-boxed elementor-section-height-default elementor-section-height-default\" data-id=\"59be4cd\" data-element_type=\"section\" data-e-type=\"section\">\n\t\t\t\t\t\t<div class=\"elementor-container elementor-column-gap-default\">\n\t\t\t\t\t<div class=\"elementor-column elementor-col-50 elementor-top-column elementor-element elementor-element-d855bcf\" data-id=\"d855bcf\" data-element_type=\"column\" data-e-type=\"column\">\n\t\t\t<div class=\"elementor-widget-wrap elementor-element-populated\">\n\t\t\t\t\t\t<div class=\"elementor-element elementor-element-6324491 gallery-spacing-custom elementor-widget elementor-widget-image-gallery\" data-id=\"6324491\" data-element_type=\"widget\" data-e-type=\"widget\" data-widget_type=\"image-gallery.default\">\n\t\t\t\t<div class=\"elementor-widget-container\">\n\t\t\t\t\t\t\t<div class=\"elementor-image-gallery\">\n\t\t\t<div id='gallery-99' class='gallery galleryid-10654 gallery-columns-1 gallery-size-medium_large'><figure class='gallery-item'>\n\t\t\t<div class='gallery-icon portrait'>\n\t\t\t\t<a data-elementor-open-lightbox=\"yes\" data-elementor-lightbox-slideshow=\"6324491\" data-elementor-lightbox-title=\"bir_donemin_hikayesi\" data-e-action-hash=\"#elementor-action%3Aaction%3Dlightbox%26settings%3DeyJpZCI6MTA2NjAsInVybCI6Imh0dHBzOlwvXC9hbmFkb2x1dmFrZmkub3JnXC93cC1jb250ZW50XC91cGxvYWRzXC8yMDI1XC8wNFwvYmlyX2RvbmVtaW5faGlrYXllc2kucG5nIiwic2xpZGVzaG93IjoiNjMyNDQ5MSJ9\" href='https:\/\/anadoluvakfi.org\/wp-content\/uploads\/2025\/04\/bir_donemin_hikayesi.png'><img fetchpriority=\"high\" decoding=\"async\" width=\"640\" height=\"906\" src=\"https:\/\/anadoluvakfi.org\/wp-content\/uploads\/2025\/04\/bir_donemin_hikayesi.png\" class=\"attachment-medium_large size-medium_large\" alt=\"\" srcset=\"https:\/\/anadoluvakfi.org\/wp-content\/uploads\/2025\/04\/bir_donemin_hikayesi.png 723w, https:\/\/anadoluvakfi.org\/wp-content\/uploads\/2025\/04\/bir_donemin_hikayesi-212x300.png 212w\" sizes=\"(max-width: 640px) 100vw, 640px\" \/><\/a>\n\t\t\t<\/div><\/figure>\n\t\t<\/div>\n\t\t<\/div>\n\t\t\t\t\t\t<\/div>\n\t\t\t\t<\/div>\n\t\t\t\t\t<\/div>\n\t\t<\/div>\n\t\t\t\t<div class=\"elementor-column elementor-col-50 elementor-top-column elementor-element elementor-element-c4f562d\" data-id=\"c4f562d\" data-element_type=\"column\" data-e-type=\"column\">\n\t\t\t<div class=\"elementor-widget-wrap elementor-element-populated\">\n\t\t\t\t\t\t<div class=\"elementor-element elementor-element-0750e50 elementor-widget__width-initial elementor-widget elementor-widget-text-editor\" data-id=\"0750e50\" data-element_type=\"widget\" data-e-type=\"widget\" data-widget_type=\"text-editor.default\">\n\t\t\t\t<div class=\"elementor-widget-container\">\n\t\t\t\t\t\t\t\t\t<p>Ara\u015ft\u0131rmac\u0131 hukuk\u00e7u yazar \u0130smail Ayd\u0131n, &#8220;Bir D\u00f6nemin Hikayesi&#8221; ba\u015fl\u0131\u011f\u0131 alt\u0131nda toplad\u0131\u011f\u0131 yaz\u0131lar\u0131yla gen\u00e7lik y\u0131llar\u0131ndan itibaren memleket meselelerine ilk uyan\u0131\u015flar\u0131n\u0131 anlatt\u0131\u011f\u0131 bu kitapta; altm\u0131\u015flar T\u00fcrkiye&#8217;sinin i\u00e7inde bocalad\u0131\u011f\u0131 buhranl\u0131 ortam\u0131; ufuklar\u0131n kapal\u0131 oldu\u011fu o y\u0131llarda bir umut \u0131\u015f\u0131\u011f\u0131 gibi do\u011fan M\u00fccadele Birli\u011fi&#8217;nin ve Yeniden Milli M\u00fccadele Hareketinin \u00fcniversite gen\u00e7li\u011fi \u00fczerindeki etkilerini ak\u0131c\u0131 bir \u00fcslupla ortaya koyuyor. Ayr\u0131ca kitapta, bu anlaml\u0131 m\u00fccadeleye \u00f6m\u00fcrlerini adam\u0131\u015f \u00f6rnek \u015fahsiyetlerin hayatlar\u0131ndan kesitler de bulacaks\u0131n\u0131z.<\/p>\n<p><span style=\"color: var( --e-global-color-text ); font-size: 19px;\">Sipari\u015f \u0130\u00e7in:<\/span><\/p>\n<p><a href=\"https:\/\/www.anadoluayyayinlari.com\/\">www.anadoluayyayinlari.com<\/a><\/p>\t\t\t\t\t\t\t\t<\/div>\n\t\t\t\t<\/div>\n\t\t\t\t\t<\/div>\n\t\t<\/div>\n\t\t\t\t\t<\/div>\n\t\t<\/section>\n\t\t\t\t<\/div>\n\t\t","protected":false},"excerpt":{"rendered":"<p>B\u0130R D\u00d6NEM\u0130N H\u0130KAYES\u0130 Yay\u0131nland\u0131 Ara\u015ft\u0131rmac\u0131 hukuk\u00e7u yazar \u0130smail Ayd\u0131n, &#8220;Bir D\u00f6nemin Hikayesi&#8221; ba\u015fl\u0131\u011f\u0131 alt\u0131nda toplad\u0131\u011f\u0131 yaz\u0131lar\u0131yla gen\u00e7lik y\u0131llar\u0131ndan itibaren memleket meselelerine ilk uyan\u0131\u015flar\u0131n\u0131 anlatt\u0131\u011f\u0131 bu kitapta; altm\u0131\u015flar T\u00fcrkiye&#8217;sinin i\u00e7inde bocalad\u0131\u011f\u0131 buhranl\u0131 ortam\u0131; ufuklar\u0131n kapal\u0131 oldu\u011fu o y\u0131llarda bir umut \u0131\u015f\u0131\u011f\u0131 gibi do\u011fan M\u00fccadele Birli\u011fi&#8217;nin ve Yeniden Milli M\u00fccadele Hareketinin \u00fcniversite gen\u00e7li\u011fi \u00fczerindeki etkilerini ak\u0131c\u0131 bir [&hellip;]<\/p>\n<div class=\"pvc_clear\"><\/div>\n<p id=\"pvc_stats_10654\" class=\"pvc_stats total_only  \" data-element-id=\"10654\" style=\"\"><i class=\"pvc-stats-icon medium\" aria-hidden=\"true\"><svg aria-hidden=\"true\" focusable=\"false\" data-prefix=\"far\" data-icon=\"chart-bar\" role=\"img\" xmlns=\"http:\/\/www.w3.org\/2000\/svg\" viewBox=\"0 0 512 512\" class=\"svg-inline--fa fa-chart-bar fa-w-16 fa-2x\"><path fill=\"currentColor\" d=\"M396.8 352h22.4c6.4 0 12.8-6.4 12.8-12.8V108.8c0-6.4-6.4-12.8-12.8-12.8h-22.4c-6.4 0-12.8 6.4-12.8 12.8v230.4c0 6.4 6.4 12.8 12.8 12.8zm-192 0h22.4c6.4 0 12.8-6.4 12.8-12.8V140.8c0-6.4-6.4-12.8-12.8-12.8h-22.4c-6.4 0-12.8 6.4-12.8 12.8v198.4c0 6.4 6.4 12.8 12.8 12.8zm96 0h22.4c6.4 0 12.8-6.4 12.8-12.8V204.8c0-6.4-6.4-12.8-12.8-12.8h-22.4c-6.4 0-12.8 6.4-12.8 12.8v134.4c0 6.4 6.4 12.8 12.8 12.8zM496 400H48V80c0-8.84-7.16-16-16-16H16C7.16 64 0 71.16 0 80v336c0 17.67 14.33 32 32 32h464c8.84 0 16-7.16 16-16v-16c0-8.84-7.16-16-16-16zm-387.2-48h22.4c6.4 0 12.8-6.4 12.8-12.8v-70.4c0-6.4-6.4-12.8-12.8-12.8h-22.4c-6.4 0-12.8 6.4-12.8 12.8v70.4c0 6.4 6.4 12.8 12.8 12.8z\" class=\"\"><\/path><\/svg><\/i> <img decoding=\"async\" width=\"16\" height=\"16\" alt=\"Loading\" src=\"https:\/\/anadoluvakfi.org\/wp-content\/plugins\/page-views-count\/ajax-loader-2x.gif\" border=0 \/><\/p>\n<div class=\"pvc_clear\"><\/div>\n","protected":false},"author":1,"featured_media":10655,"comment_status":"open","ping_status":"open","sticky":false,"template":"elementor_header_footer","format":"standard","meta":{"_acf_changed":false,"_monsterinsights_skip_tracking":false,"_monsterinsights_sitenote_active":false,"_monsterinsights_sitenote_note":"","_monsterinsights_sitenote_category":0,"footnotes":""},"categories":[34,44],"tags":[],"class_list":["post-10654","post","type-post","status-publish","format-standard","has-post-thumbnail","hentry","category-anadolu-ay-yayinlari","category-yayinlarimiz"],"acf":[],"aioseo_notices":[],"wpmagazine_modules_lite_featured_media_urls":{"thumbnail":["https:\/\/anadoluvakfi.org\/wp-content\/uploads\/2025\/04\/bir_donemin_hikayesi_anadolu_vakfi_slider-150x150.jpg",150,150,true],"cvmm-medium":["https:\/\/anadoluvakfi.org\/wp-content\/uploads\/2025\/04\/bir_donemin_hikayesi_anadolu_vakfi_slider-300x300.jpg",300,300,true],"cvmm-medium-plus":["https:\/\/anadoluvakfi.org\/wp-content\/uploads\/2025\/04\/bir_donemin_hikayesi_anadolu_vakfi_slider-305x207.jpg",305,207,true],"cvmm-portrait":["https:\/\/anadoluvakfi.org\/wp-content\/uploads\/2025\/04\/bir_donemin_hikayesi_anadolu_vakfi_slider-400x491.jpg",400,491,true],"cvmm-medium-square":["https:\/\/anadoluvakfi.org\/wp-content\/uploads\/2025\/04\/bir_donemin_hikayesi_anadolu_vakfi_slider-600x491.jpg",600,491,true],"cvmm-large":["https:\/\/anadoluvakfi.org\/wp-content\/uploads\/2025\/04\/bir_donemin_hikayesi_anadolu_vakfi_slider.jpg",900,491,false],"cvmm-small":["https:\/\/anadoluvakfi.org\/wp-content\/uploads\/2025\/04\/bir_donemin_hikayesi_anadolu_vakfi_slider-130x95.jpg",130,95,true],"full":["https:\/\/anadoluvakfi.org\/wp-content\/uploads\/2025\/04\/bir_donemin_hikayesi_anadolu_vakfi_slider.jpg",900,491,false]},"categories_names":{"34":{"name":"Anadolu Ay Yay\u0131nlar\u0131","link":"https:\/\/anadoluvakfi.org\/?cat=34"},"44":{"name":"Yay\u0131nlar\u0131m\u0131z","link":"https:\/\/anadoluvakfi.org\/?cat=44"}},"tags_names":[],"comments_number":"0","_links":{"self":[{"href":"https:\/\/anadoluvakfi.org\/index.php?rest_route=\/wp\/v2\/posts\/10654","targetHints":{"allow":["GET"]}}],"collection":[{"href":"https:\/\/anadoluvakfi.org\/index.php?rest_route=\/wp\/v2\/posts"}],"about":[{"href":"https:\/\/anadoluvakfi.org\/index.php?rest_route=\/wp\/v2\/types\/post"}],"author":[{"embeddable":true,"href":"https:\/\/anadoluvakfi.org\/index.php?rest_route=\/wp\/v2\/users\/1"}],"replies":[{"embeddable":true,"href":"https:\/\/anadoluvakfi.org\/index.php?rest_route=%2Fwp%2Fv2%2Fcomments&post=10654"}],"version-history":[{"count":11,"href":"https:\/\/anadoluvakfi.org\/index.php?rest_route=\/wp\/v2\/posts\/10654\/revisions"}],"predecessor-version":[{"id":10816,"href":"https:\/\/anadoluvakfi.org\/index.php?rest_route=\/wp\/v2\/posts\/10654\/revisions\/10816"}],"wp:featuredmedia":[{"embeddable":true,"href":"https:\/\/anadoluvakfi.org\/index.php?rest_route=\/wp\/v2\/media\/10655"}],"wp:attachment":[{"href":"https:\/\/anadoluvakfi.org\/index.php?rest_route=%2Fwp%2Fv2%2Fmedia&parent=10654"}],"wp:term":[{"taxonomy":"category","embeddable":true,"href":"https:\/\/anadoluvakfi.org\/index.php?rest_route=%2Fwp%2Fv2%2Fcategories&post=10654"},{"taxonomy":"post_tag","embeddable":true,"href":"https:\/\/anadoluvakfi.org\/index.php?rest_route=%2Fwp%2Fv2%2Ftags&post=10654"}],"curies":[{"name":"wp","href":"https:\/\/api.w.org\/{rel}","templated":true}]}}